{"id":763,"date":"2025-06-04T14:13:23","date_gmt":"2025-06-04T14:13:23","guid":{"rendered":"https:\/\/www.zapholiday.eu\/blog\/?p=763"},"modified":"2025-10-27T12:42:53","modified_gmt":"2025-10-27T12:42:53","slug":"meteo-costa-del-sol","status":"publish","type":"post","link":"https:\/\/www.zapholiday.eu\/blog\/meteo-costa-del-sol\/","title":{"rendered":"La M\u00e9t\u00e9o sur la Costa del Sol\u00a0: quelle saison choisir\u00a0pour vos vacances ?"},"content":{"rendered":"\t\t<div data-elementor-type=\"wp-post\" data-elementor-id=\"763\" class=\"elementor elementor-763\" data-elementor-post-type=\"post\">\n\t\t\t\t<div class=\"elementor-element elementor-element-3b2cb0ad e-flex e-con-boxed e-con e-parent\" data-id=\"3b2cb0ad\" data-element_type=\"container\" data-e-type=\"container\">\n\t\t\t\t\t<div class=\"e-con-inner\">\n\t\t\t\t<div class=\"elementor-element elementor-element-634964e9 elementor-widget elementor-widget-text-editor\" data-id=\"634964e9\" data-element_type=\"widget\" data-e-type=\"widget\" data-widget_type=\"text-editor.default\">\n\t\t\t\t<div class=\"elementor-widget-container\">\n\t\t\t\t\t\t\t\t\t<p>Si vous souhaitez passer des vacances inoubliables en bord de plage dans le sud de l\u2019Espagne, ne cherchez pas plus loin et rendez-vous sur la <strong>Costa del Sol<\/strong>\u00a0! Avec ses plages dor\u00e9es, ses terrains de golf mythiques et ses offres de loisirs in\u00e9gal\u00e9es, ce coin du sud de l\u2019Andalousie a tout ce qu\u2019il faut pour vous faire passer un s\u00e9jour des plus reposants, et ce, tout au long de l\u2019ann\u00e9e.<\/p><p>Par le biais de cet article, d\u00e9couvrez les diff\u00e9rentes saisons de la Costa del Sol et d\u00e9couvrez tout ce qui est possible de faire en fonction de la m\u00e9t\u00e9o dans cette r\u00e9gion de la p\u00e9ninsule ib\u00e9rique\u00a0!<\/p>\t\t\t\t\t\t\t\t<\/div>\n\t\t\t\t<\/div>\n\t\t\t\t\t<\/div>\n\t\t\t\t<\/div>\n\t\t<div class=\"elementor-element elementor-element-45e8f880 e-flex e-con-boxed e-con e-parent\" data-id=\"45e8f880\" data-element_type=\"container\" data-e-type=\"container\">\n\t\t\t\t\t<div class=\"e-con-inner\">\n\t\t\t\t<div class=\"elementor-element elementor-element-44a4ec8b elementor-widget elementor-widget-heading\" data-id=\"44a4ec8b\" data-element_type=\"widget\" data-e-type=\"widget\" data-widget_type=\"heading.default\">\n\t\t\t\t<div class=\"elementor-widget-container\">\n\t\t\t\t\t<h2 class=\"elementor-heading-title elementor-size-default\">\u00c0 quelle m\u00e9t\u00e9o s'attendre sur la Costa del Sol toute l'ann\u00e9e<\/h2>\t\t\t\t<\/div>\n\t\t\t\t<\/div>\n\t\t\t\t<div class=\"elementor-element elementor-element-24ba6178 elementor-widget elementor-widget-text-editor\" data-id=\"24ba6178\" data-element_type=\"widget\" data-e-type=\"widget\" data-widget_type=\"text-editor.default\">\n\t\t\t\t<div class=\"elementor-widget-container\">\n\t\t\t\t\t\t\t\t\t<p>Avant de planifier votre s\u00e9jour, sachez que la meilleure p\u00e9riode pour d\u00e9terminer\u00a0quand partir sur la\u00a0Costa del Sol\u00a0d\u00e9pend \u00e0 la fois de votre tol\u00e9rance \u00e0 la chaleur et de vos pr\u00e9f\u00e9rences en mati\u00e8re d&#8217;activit\u00e9s touristiques. Gr\u00e2ce \u00e0 son climat m\u00e9diterran\u00e9en, la <strong>Costa del Sol jouit d\u2019un climat agr\u00e9able et d\u2019une m\u00e9t\u00e9o favorable tout au long de l\u2019ann\u00e9e,<\/strong> m\u00eame si la p\u00e9riode de mai \u00e0 octobre est toutefois consid\u00e9r\u00e9e comme la plus id\u00e9ale si vous comptez profiter du soleil et de la chaleur de la saison estivale. Nous allons revenir, par saison, sur les diff\u00e9rents climats que vous pouvez rencontrer dans cette r\u00e9gion du sud de l\u2019Espagne, et vous d\u00e9tailler ce que vous pouvez faire.<\/p>\t\t\t\t\t\t\t\t<\/div>\n\t\t\t\t<\/div>\n\t\t\t\t\t<\/div>\n\t\t\t\t<\/div>\n\t\t<div class=\"elementor-element elementor-element-ff7641e e-flex e-con-boxed e-con e-parent\" data-id=\"ff7641e\" data-element_type=\"container\" data-e-type=\"container\">\n\t\t\t\t\t<div class=\"e-con-inner\">\n\t\t\t\t<div class=\"elementor-element elementor-element-64686907 elementor-widget elementor-widget-heading\" data-id=\"64686907\" data-element_type=\"widget\" data-e-type=\"widget\" data-widget_type=\"heading.default\">\n\t\t\t\t<div class=\"elementor-widget-container\">\n\t\t\t\t\t<h3 class=\"elementor-heading-title elementor-size-default\">Le printemps <\/h3>\t\t\t\t<\/div>\n\t\t\t\t<\/div>\n\t\t\t\t<div class=\"elementor-element elementor-element-5830ef3 elementor-widget elementor-widget-image\" data-id=\"5830ef3\" data-element_type=\"widget\" data-e-type=\"widget\" data-widget_type=\"image.default\">\n\t\t\t\t<div class=\"elementor-widget-container\">\n\t\t\t\t\t\t\t\t\t\t\t\t\t\t\t<img fetchpriority=\"high\" decoding=\"async\" width=\"1314\" height=\"657\" src=\"https:\/\/www.zapholiday.eu\/blog\/wp-content\/uploads\/2025\/06\/Costa-del-sol-printemps.jpg\" class=\"attachment-full size-full wp-image-769\" alt=\"Costa-del-sol-printemps.jpg\" srcset=\"https:\/\/www.zapholiday.eu\/blog\/wp-content\/uploads\/2025\/06\/Costa-del-sol-printemps.jpg 1314w, https:\/\/www.zapholiday.eu\/blog\/wp-content\/uploads\/2025\/06\/Costa-del-sol-printemps-300x150.jpg 300w, https:\/\/www.zapholiday.eu\/blog\/wp-content\/uploads\/2025\/06\/Costa-del-sol-printemps-1024x512.jpg 1024w, https:\/\/www.zapholiday.eu\/blog\/wp-content\/uploads\/2025\/06\/Costa-del-sol-printemps-768x384.jpg 768w\" sizes=\"(max-width: 1314px) 100vw, 1314px\" \/>\t\t\t\t\t\t\t\t\t\t\t\t\t\t\t<\/div>\n\t\t\t\t<\/div>\n\t\t\t\t<div class=\"elementor-element elementor-element-5ff72fd7 elementor-widget elementor-widget-text-editor\" data-id=\"5ff72fd7\" data-element_type=\"widget\" data-e-type=\"widget\" data-widget_type=\"text-editor.default\">\n\t\t\t\t<div class=\"elementor-widget-container\">\n\t\t\t\t\t\t\t\t\t<p><strong>De mars \u00e0 mai<\/strong>, le <strong>printemps<\/strong> sur la Costa del Sol est doux et ensoleill\u00e9, parsem\u00e9 ponctuellement de jours de pluie. C\u2019est la saison id\u00e9ale pour profiter de journ\u00e9e encore douce, notamment jusqu\u2019au mois de mai, mois o\u00f9 l\u2019on commence \u00e0 enregistrer les premi\u00e8res journ\u00e9es chaudes, avec <strong>des maximales pouvant aller jusqu\u2019\u00e0 30 degr\u00e9s. <\/strong>En outre, si vous aimez les visites et les activit\u00e9s en ext\u00e9rieur qui demande un certain effort physique, comme la randonn\u00e9e, c\u2019est la p\u00e9riode id\u00e9ale pour visiter le sud de l\u2019Andalousie, surtout si vous vous dirigez un plus dans les terres.<\/p>\t\t\t\t\t\t\t\t<\/div>\n\t\t\t\t<\/div>\n\t\t\t\t\t<\/div>\n\t\t\t\t<\/div>\n\t\t<div class=\"elementor-element elementor-element-c7049fa e-flex e-con-boxed e-con e-parent\" data-id=\"c7049fa\" data-element_type=\"container\" data-e-type=\"container\">\n\t\t\t\t\t<div class=\"e-con-inner\">\n\t\t\t\t<div class=\"elementor-element elementor-element-cecefb3 elementor-widget elementor-widget-heading\" data-id=\"cecefb3\" data-element_type=\"widget\" data-e-type=\"widget\" data-widget_type=\"heading.default\">\n\t\t\t\t<div class=\"elementor-widget-container\">\n\t\t\t\t\t<h3 class=\"elementor-heading-title elementor-size-default\">L\u2019\u00e9t\u00e9<\/h3>\t\t\t\t<\/div>\n\t\t\t\t<\/div>\n\t\t\t\t<div class=\"elementor-element elementor-element-2461df0 elementor-widget elementor-widget-image\" data-id=\"2461df0\" data-element_type=\"widget\" data-e-type=\"widget\" data-widget_type=\"image.default\">\n\t\t\t\t<div class=\"elementor-widget-container\">\n\t\t\t\t\t\t\t\t\t\t\t\t\t\t\t<img decoding=\"async\" width=\"1254\" height=\"627\" src=\"https:\/\/www.zapholiday.eu\/blog\/wp-content\/uploads\/2025\/06\/Costa-del-sol-ete.jpg\" class=\"attachment-full size-full wp-image-774\" alt=\"Costa-del-sol-ete.jpg\" srcset=\"https:\/\/www.zapholiday.eu\/blog\/wp-content\/uploads\/2025\/06\/Costa-del-sol-ete.jpg 1254w, https:\/\/www.zapholiday.eu\/blog\/wp-content\/uploads\/2025\/06\/Costa-del-sol-ete-300x150.jpg 300w, https:\/\/www.zapholiday.eu\/blog\/wp-content\/uploads\/2025\/06\/Costa-del-sol-ete-1024x512.jpg 1024w, https:\/\/www.zapholiday.eu\/blog\/wp-content\/uploads\/2025\/06\/Costa-del-sol-ete-768x384.jpg 768w\" sizes=\"(max-width: 1254px) 100vw, 1254px\" \/>\t\t\t\t\t\t\t\t\t\t\t\t\t\t\t<\/div>\n\t\t\t\t<\/div>\n\t\t\t\t<div class=\"elementor-element elementor-element-ff5fcfe elementor-widget elementor-widget-text-editor\" data-id=\"ff5fcfe\" data-element_type=\"widget\" data-e-type=\"widget\" data-widget_type=\"text-editor.default\">\n\t\t\t\t<div class=\"elementor-widget-container\">\n\t\t\t\t\t\t\t\t\t<p><strong>L\u2019\u00e9t\u00e9, de juin \u00e0 mi-septembre,<\/strong> est la saison id\u00e9ale si vous pr\u00e9voyez de vous rendre sur la Costa del Sol pour des vacances \u00e0 la plage\u00a0; l\u2019ensoleillement est parfait et constant, le ciel on ne peut plus clair et les pluies quasi-inexistantes. Les temp\u00e9ratures oscillent g\u00e9n\u00e9ralement <strong>entre 28 degr\u00e9s en juin et 30\/31 degr\u00e9s en juillet et en ao\u00fbt,<\/strong> ce qui est repr\u00e9sentatif du climat m\u00e9diterran\u00e9en. Cependant, lorsque les vents chauds de l\u2019int\u00e9rieur de l\u2019Andalousie rejoignent la c\u00f4te, la chaleur peut devenir torride, avec une temp\u00e9rature qui peut parfois atteindre les 35\/37 degr\u00e9s, voire les 40 \u00b0C. Heureusement, dans ce cas, le vent est soutenu et l&#8217;air devient sec\u00a0: il est pr\u00e9f\u00e9rable de boire souvent pour \u00e9viter la d\u00e9shydratation, notamment les personnes \u00e2g\u00e9es et les enfants.<\/p><p>Outre cet aspect, l\u2019\u00e9t\u00e9 sur la Costa del Sol est synonyme de <strong>haute saison touristique<\/strong>\u00a0; au cours de ces mois, la r\u00e9gion est en effervescence avec une richesse d&#8217;activit\u00e9s et d&#8217;\u00e9v\u00e9nements. C&#8217;est le moment id\u00e9al pour ceux qui aiment l&#8217;effervescence touristique et veulent profiter de toutes les attractions, des restaurants anim\u00e9s aux festivals color\u00e9s. \u00c0 l\u2019inverse, c\u2019est aussi la <strong>saison o\u00f9 les foules sont plus importantes et les prix des h\u00e9bergements en forte hausse<\/strong>, nous vous recommandons alors de r\u00e9server votre logement \u00e0 l\u2019avance pour plus de confort.<\/p>\t\t\t\t\t\t\t\t<\/div>\n\t\t\t\t<\/div>\n\t\t\t\t\t<\/div>\n\t\t\t\t<\/div>\n\t\t<div class=\"elementor-element elementor-element-db8cb8f e-flex e-con-boxed e-con e-parent\" data-id=\"db8cb8f\" data-element_type=\"container\" data-e-type=\"container\">\n\t\t\t\t\t<div class=\"e-con-inner\">\n\t\t\t\t<div class=\"elementor-element elementor-element-0911dff elementor-widget elementor-widget-heading\" data-id=\"0911dff\" data-element_type=\"widget\" data-e-type=\"widget\" data-widget_type=\"heading.default\">\n\t\t\t\t<div class=\"elementor-widget-container\">\n\t\t\t\t\t<h3 class=\"elementor-heading-title elementor-size-default\">L\u2019automne<\/h3>\t\t\t\t<\/div>\n\t\t\t\t<\/div>\n\t\t\t\t<div class=\"elementor-element elementor-element-40306a4 elementor-widget elementor-widget-image\" data-id=\"40306a4\" data-element_type=\"widget\" data-e-type=\"widget\" data-widget_type=\"image.default\">\n\t\t\t\t<div class=\"elementor-widget-container\">\n\t\t\t\t\t\t\t\t\t\t\t\t\t\t\t<img decoding=\"async\" width=\"1254\" height=\"627\" src=\"https:\/\/www.zapholiday.eu\/blog\/wp-content\/uploads\/2025\/06\/costa-del-sol-automne.jpg\" class=\"attachment-full size-full wp-image-784\" alt=\"costa-del-sol-automne.jpg\" srcset=\"https:\/\/www.zapholiday.eu\/blog\/wp-content\/uploads\/2025\/06\/costa-del-sol-automne.jpg 1254w, https:\/\/www.zapholiday.eu\/blog\/wp-content\/uploads\/2025\/06\/costa-del-sol-automne-300x150.jpg 300w, https:\/\/www.zapholiday.eu\/blog\/wp-content\/uploads\/2025\/06\/costa-del-sol-automne-1024x512.jpg 1024w, https:\/\/www.zapholiday.eu\/blog\/wp-content\/uploads\/2025\/06\/costa-del-sol-automne-768x384.jpg 768w\" sizes=\"(max-width: 1254px) 100vw, 1254px\" \/>\t\t\t\t\t\t\t\t\t\t\t\t\t\t\t<\/div>\n\t\t\t\t<\/div>\n\t\t\t\t<div class=\"elementor-element elementor-element-852cfaa elementor-widget elementor-widget-text-editor\" data-id=\"852cfaa\" data-element_type=\"widget\" data-e-type=\"widget\" data-widget_type=\"text-editor.default\">\n\t\t\t\t<div class=\"elementor-widget-container\">\n\t\t\t\t\t\t\t\t\t<p><strong>L\u2019automne<\/strong> survient sur la Costa del Sol <strong>de la mi-septembre \u00e0 novembre<\/strong>\u00a0; au d\u00e9but, cette saison propose une temp\u00e9rature chaude, puis elle devient <strong>progressivement plus douce jusqu\u2019\u00e0 atteindre 20\u00b0C par<\/strong> endroits, du fait des perturbations atlantiques qui deviennent plus fr\u00e9quentes sur la c\u00f4te. En octobre, il y a encore beaucoup de journ\u00e9es chaudes et ensoleill\u00e9es, notamment au cours de la premi\u00e8re moiti\u00e9. En novembre, cependant, le temps change et le climat devient doux, souvent nuageux et pluvieux. Parfois, les pluies sont concentr\u00e9es sur une courte dur\u00e9e et peuvent \u00eatre fortes, en particulier dans la partie ouest de la Costa del Sol. Un temps <strong>id\u00e9al pour effectuer des visites culturelles en int\u00e9rieur,<\/strong> comme des mus\u00e9es par exemple.<\/p>\t\t\t\t\t\t\t\t<\/div>\n\t\t\t\t<\/div>\n\t\t\t\t\t<\/div>\n\t\t\t\t<\/div>\n\t\t<div class=\"elementor-element elementor-element-c014274 e-flex e-con-boxed e-con e-parent\" data-id=\"c014274\" data-element_type=\"container\" data-e-type=\"container\">\n\t\t\t\t\t<div class=\"e-con-inner\">\n\t\t\t\t<div class=\"elementor-element elementor-element-1f04e40 elementor-widget elementor-widget-heading\" data-id=\"1f04e40\" data-element_type=\"widget\" data-e-type=\"widget\" data-widget_type=\"heading.default\">\n\t\t\t\t<div class=\"elementor-widget-container\">\n\t\t\t\t\t<h3 class=\"elementor-heading-title elementor-size-default\">L\u2019hiver<\/h3>\t\t\t\t<\/div>\n\t\t\t\t<\/div>\n\t\t\t\t<div class=\"elementor-element elementor-element-0603a33 elementor-widget elementor-widget-image\" data-id=\"0603a33\" data-element_type=\"widget\" data-e-type=\"widget\" data-widget_type=\"image.default\">\n\t\t\t\t<div class=\"elementor-widget-container\">\n\t\t\t\t\t\t\t\t\t\t\t\t\t\t\t<img loading=\"lazy\" decoding=\"async\" width=\"1255\" height=\"627\" src=\"https:\/\/www.zapholiday.eu\/blog\/wp-content\/uploads\/2025\/06\/costa-del-sol-hiver.jpg\" class=\"attachment-full size-full wp-image-779\" alt=\"costa-del-sol-hiver.jpg\" srcset=\"https:\/\/www.zapholiday.eu\/blog\/wp-content\/uploads\/2025\/06\/costa-del-sol-hiver.jpg 1255w, https:\/\/www.zapholiday.eu\/blog\/wp-content\/uploads\/2025\/06\/costa-del-sol-hiver-300x150.jpg 300w, https:\/\/www.zapholiday.eu\/blog\/wp-content\/uploads\/2025\/06\/costa-del-sol-hiver-1024x512.jpg 1024w, https:\/\/www.zapholiday.eu\/blog\/wp-content\/uploads\/2025\/06\/costa-del-sol-hiver-768x384.jpg 768w\" sizes=\"(max-width: 1255px) 100vw, 1255px\" \/>\t\t\t\t\t\t\t\t\t\t\t\t\t\t\t<\/div>\n\t\t\t\t<\/div>\n\t\t\t\t<div class=\"elementor-element elementor-element-8d9a6aa elementor-widget elementor-widget-text-editor\" data-id=\"8d9a6aa\" data-element_type=\"widget\" data-e-type=\"widget\" data-widget_type=\"text-editor.default\">\n\t\t\t\t<div class=\"elementor-widget-container\">\n\t\t\t\t\t\t\t\t\t<p><strong>De d\u00e9cembre \u00e0 f\u00e9vrier<\/strong>, l\u2019hiver est <strong>doux<\/strong>, caract\u00e9ris\u00e9 par des journ\u00e9es ensoleill\u00e9es alternant avec des p\u00e9riodes de mauvais temps, avec du vent et de la pluie.<\/p><p>Parfois, les <strong>temp\u00e9ratures atteignent les 18\/20 degr\u00e9s<\/strong> du fait du vent d\u2019Afrique, qui peut m\u00eame pousser le thermom\u00e8tre \u00e0 d\u00e9passer les 20 degr\u00e9s. Au cours de cette saison, il fait rarement tr\u00e8s froid\u00a0: la temp\u00e9rature descend \u00e0 z\u00e9ro seulement au cours des nuits les plus froides, mais m\u00eame dans ces cas, elle d\u00e9passe g\u00e9n\u00e9ralement les dix degr\u00e9s dans la journ\u00e9e, ce qui signifie qu\u2019il ne neige jamais dans cette r\u00e9gion.<\/p>\t\t\t\t\t\t\t\t<\/div>\n\t\t\t\t<\/div>\n\t\t\t\t\t<\/div>\n\t\t\t\t<\/div>\n\t\t<div class=\"elementor-element elementor-element-2afad566 e-flex e-con-boxed e-con e-parent\" data-id=\"2afad566\" data-element_type=\"container\" data-e-type=\"container\">\n\t\t\t\t\t<div class=\"e-con-inner\">\n\t\t\t\t<div class=\"elementor-element elementor-element-6a825ac8 elementor-widget elementor-widget-heading\" data-id=\"6a825ac8\" data-element_type=\"widget\" data-e-type=\"widget\" data-widget_type=\"heading.default\">\n\t\t\t\t<div class=\"elementor-widget-container\">\n\t\t\t\t\t<h2 class=\"elementor-heading-title elementor-size-default\">Conseils pour profiter du climat de la Costa del Sol<\/h2>\t\t\t\t<\/div>\n\t\t\t\t<\/div>\n\t\t\t\t<div class=\"elementor-element elementor-element-28bcef8f elementor-widget elementor-widget-text-editor\" data-id=\"28bcef8f\" data-element_type=\"widget\" data-e-type=\"widget\" data-widget_type=\"text-editor.default\">\n\t\t\t\t<div class=\"elementor-widget-container\">\n\t\t\t\t\t\t\t\t\t<p>En fonction de la saison ou vous vous rendez \u00e0 la Costa del Sol, il convient de pr\u00e9voir votre venue pour profiter au maximum de votre s\u00e9jour\u00a0:<\/p><ul><li>En \u00e9t\u00e9, nous vous conseillons de <strong>r\u00e9server votre h\u00e9bergement \u00e0 l\u2019avance<\/strong> afin de ne pas vous retrouver sans rien et de trouver le logement qu\u2019il vous faut \u00e0 un prix raisonnable. Pour vous aider dans cette d\u00e9marche, nous vous proposons plusieurs logements pour des vacances r\u00e9ussies, juste <a href=\"https:\/\/www.zapholiday.eu\/\">ici\u00a0<\/a>!<\/li><li><strong>Pr\u00e9voyez des v\u00eatements appropri\u00e9s et des protections selon la saison<\/strong>: par exemple, en \u00e9t\u00e9, prenez avec vous des v\u00eatements l\u00e9gers ainsi que des protections solaires pour \u00e9viter les coups de chaud\u00a0; \u00e0 l\u2019inverse, en hiver, il est pr\u00e9f\u00e9rable de vous munir de pulls et vestes afin de ne pas attraper un rhume\u00a0; en bref, faites vos valises intelligemment\u00a0!<\/li><\/ul>\t\t\t\t\t\t\t\t<\/div>\n\t\t\t\t<\/div>\n\t\t\t\t\t<\/div>\n\t\t\t\t<\/div>\n\t\t<div class=\"elementor-element elementor-element-1079eaa e-flex e-con-boxed e-con e-parent\" data-id=\"1079eaa\" data-element_type=\"container\" data-e-type=\"container\">\n\t\t\t\t\t<div class=\"e-con-inner\">\n\t\t\t\t<div class=\"elementor-element elementor-element-cbfc48c elementor-widget elementor-widget-heading\" data-id=\"cbfc48c\" data-element_type=\"widget\" data-e-type=\"widget\" data-widget_type=\"heading.default\">\n\t\t\t\t<div class=\"elementor-widget-container\">\n\t\t\t\t\t<h2 class=\"elementor-heading-title elementor-size-default\">Peu importe la saison : rendez-vous sur la Costa del Sol !<\/h2>\t\t\t\t<\/div>\n\t\t\t\t<\/div>\n\t\t\t\t<div class=\"elementor-element elementor-element-fd6a504 elementor-widget elementor-widget-text-editor\" data-id=\"fd6a504\" data-element_type=\"widget\" data-e-type=\"widget\" data-widget_type=\"text-editor.default\">\n\t\t\t\t<div class=\"elementor-widget-container\">\n\t\t\t\t\t\t\t\t\t<p>La Costa del Sol est id\u00e9ale pour les touristes, avec son climat exceptionnel tout au long de l\u2019ann\u00e9e, ses plages de r\u00eave et son offre culturelle et gastronomique d\u2019un tout autre niveau. Que vous recherchiez la chaleur de l\u2019\u00e9t\u00e9, un temps confortable \u00e0 la mi-saison ou le calme associ\u00e9 \u00e0 l\u2019hiver, cette destination saura vous ravir en tout point. Planifiez vos vacances avec <a href=\"https:\/\/www.zapholiday.eu\/\">Zapholiday<\/a> et d\u00e9couvrez pourquoi la Costa del Sol est l\u2019endroit qu\u2019il vous faut\u00a0!<\/p>\t\t\t\t\t\t\t\t<\/div>\n\t\t\t\t<\/div>\n\t\t\t\t\t<\/div>\n\t\t\t\t<\/div>\n\t\t\t\t<\/div>\n\t\t","protected":false},"excerpt":{"rendered":"<p>Si vous souhaitez passer des vacances inoubliables en bord de plage dans le sud de l\u2019Espagne, ne cherchez pas plus loin et rendez-vous sur la Costa del Sol\u00a0! Avec ses plages dor\u00e9es, ses terrains de golf mythiques et ses offres de loisirs in\u00e9gal\u00e9es, ce coin du sud de l\u2019Andalousie a tout ce qu\u2019il faut pour [&hellip;]<\/p>\n","protected":false},"author":1,"featured_media":790,"comment_status":"open","ping_status":"open","sticky":false,"template":"","format":"standard","meta":{"footnotes":""},"categories":[56],"tags":[],"class_list":["post-763","post","type-post","status-publish","format-standard","has-post-thumbnail","hentry","category-costa-del-sol-fr"],"yoast_head":"<!-- This site is optimized with the Yoast SEO plugin v26.9 - https:\/\/yoast.com\/product\/yoast-seo-wordpress\/ -->\n<title>La M\u00e9t\u00e9o sur la Costa del Sol | Blog<\/title>\n<meta name=\"description\" content=\"Consultez la m\u00e9t\u00e9o sur la Costa del Sol et planifiez votre voyage avec un beau temps garanti.\" \/>\n<meta name=\"robots\" content=\"index, follow, max-snippet:-1, max-image-preview:large, max-video-preview:-1\" \/>\n<link rel=\"canonical\" href=\"https:\/\/www.zapholiday.eu\/blog\/meteo-costa-del-sol\/\" \/>\n<meta property=\"og:locale\" content=\"fr_FR\" \/>\n<meta property=\"og:type\" content=\"article\" \/>\n<meta property=\"og:title\" content=\"La M\u00e9t\u00e9o sur la Costa del Sol | Blog\" \/>\n<meta property=\"og:description\" content=\"Consultez la m\u00e9t\u00e9o sur la Costa del Sol et planifiez votre voyage avec un beau temps garanti.\" \/>\n<meta property=\"og:url\" content=\"https:\/\/www.zapholiday.eu\/blog\/meteo-costa-del-sol\/\" \/>\n<meta property=\"og:site_name\" content=\"Blog\" \/>\n<meta property=\"article:published_time\" content=\"2025-06-04T14:13:23+00:00\" \/>\n<meta property=\"article:modified_time\" content=\"2025-10-27T12:42:53+00:00\" \/>\n<meta property=\"og:image\" content=\"https:\/\/www.zapholiday.eu\/blog\/wp-content\/uploads\/2025\/06\/La-Meteo-sur-la-Costa-del-Sol.jpg\" \/>\n\t<meta property=\"og:image:width\" content=\"1920\" \/>\n\t<meta property=\"og:image:height\" content=\"730\" \/>\n\t<meta property=\"og:image:type\" content=\"image\/jpeg\" \/>\n<meta name=\"author\" content=\"admin\" \/>\n<meta name=\"twitter:card\" content=\"summary_large_image\" \/>\n<meta name=\"twitter:label1\" content=\"Written by\" \/>\n\t<meta name=\"twitter:data1\" content=\"admin\" \/>\n\t<meta name=\"twitter:label2\" content=\"Est. reading time\" \/>\n\t<meta name=\"twitter:data2\" content=\"6 minutes\" \/>\n<script type=\"application\/ld+json\" class=\"yoast-schema-graph\">{\"@context\":\"https:\/\/schema.org\",\"@graph\":[{\"@type\":\"Article\",\"@id\":\"https:\/\/www.zapholiday.eu\/blog\/meteo-costa-del-sol\/#article\",\"isPartOf\":{\"@id\":\"https:\/\/www.zapholiday.eu\/blog\/meteo-costa-del-sol\/\"},\"author\":{\"name\":\"admin\",\"@id\":\"https:\/\/www.zapholiday.eu\/blog\/#\/schema\/person\/e36acc37d1b50ea6469179e8fa03472d\"},\"headline\":\"La M\u00e9t\u00e9o sur la Costa del Sol\u00a0: quelle saison choisir\u00a0pour vos vacances ?\",\"datePublished\":\"2025-06-04T14:13:23+00:00\",\"dateModified\":\"2025-10-27T12:42:53+00:00\",\"mainEntityOfPage\":{\"@id\":\"https:\/\/www.zapholiday.eu\/blog\/meteo-costa-del-sol\/\"},\"wordCount\":1148,\"commentCount\":0,\"image\":{\"@id\":\"https:\/\/www.zapholiday.eu\/blog\/meteo-costa-del-sol\/#primaryimage\"},\"thumbnailUrl\":\"https:\/\/www.zapholiday.eu\/blog\/wp-content\/uploads\/2025\/06\/La-Meteo-sur-la-Costa-del-Sol.jpg\",\"articleSection\":[\"Costa del Sol\"],\"inLanguage\":\"fr\",\"potentialAction\":[{\"@type\":\"CommentAction\",\"name\":\"Comment\",\"target\":[\"https:\/\/www.zapholiday.eu\/blog\/meteo-costa-del-sol\/#respond\"]}]},{\"@type\":\"WebPage\",\"@id\":\"https:\/\/www.zapholiday.eu\/blog\/meteo-costa-del-sol\/\",\"url\":\"https:\/\/www.zapholiday.eu\/blog\/meteo-costa-del-sol\/\",\"name\":\"La M\u00e9t\u00e9o sur la Costa del Sol | Blog\",\"isPartOf\":{\"@id\":\"https:\/\/www.zapholiday.eu\/blog\/#website\"},\"primaryImageOfPage\":{\"@id\":\"https:\/\/www.zapholiday.eu\/blog\/meteo-costa-del-sol\/#primaryimage\"},\"image\":{\"@id\":\"https:\/\/www.zapholiday.eu\/blog\/meteo-costa-del-sol\/#primaryimage\"},\"thumbnailUrl\":\"https:\/\/www.zapholiday.eu\/blog\/wp-content\/uploads\/2025\/06\/La-Meteo-sur-la-Costa-del-Sol.jpg\",\"datePublished\":\"2025-06-04T14:13:23+00:00\",\"dateModified\":\"2025-10-27T12:42:53+00:00\",\"author\":{\"@id\":\"https:\/\/www.zapholiday.eu\/blog\/#\/schema\/person\/e36acc37d1b50ea6469179e8fa03472d\"},\"description\":\"Consultez la m\u00e9t\u00e9o sur la Costa del Sol et planifiez votre voyage avec un beau temps garanti.\",\"breadcrumb\":{\"@id\":\"https:\/\/www.zapholiday.eu\/blog\/meteo-costa-del-sol\/#breadcrumb\"},\"inLanguage\":\"fr\",\"potentialAction\":[{\"@type\":\"ReadAction\",\"target\":[\"https:\/\/www.zapholiday.eu\/blog\/meteo-costa-del-sol\/\"]}]},{\"@type\":\"ImageObject\",\"inLanguage\":\"fr\",\"@id\":\"https:\/\/www.zapholiday.eu\/blog\/meteo-costa-del-sol\/#primaryimage\",\"url\":\"https:\/\/www.zapholiday.eu\/blog\/wp-content\/uploads\/2025\/06\/La-Meteo-sur-la-Costa-del-Sol.jpg\",\"contentUrl\":\"https:\/\/www.zapholiday.eu\/blog\/wp-content\/uploads\/2025\/06\/La-Meteo-sur-la-Costa-del-Sol.jpg\",\"width\":1920,\"height\":730,\"caption\":\"La-Meteo-sur-la-Costa-del-Sol.jpg\"},{\"@type\":\"BreadcrumbList\",\"@id\":\"https:\/\/www.zapholiday.eu\/blog\/meteo-costa-del-sol\/#breadcrumb\",\"itemListElement\":[{\"@type\":\"ListItem\",\"position\":1,\"name\":\"Portada\",\"item\":\"https:\/\/www.zapholiday.eu\/blog\/\"},{\"@type\":\"ListItem\",\"position\":2,\"name\":\"La M\u00e9t\u00e9o sur la Costa del Sol\u00a0: quelle saison choisir\u00a0pour vos vacances ?\"}]},{\"@type\":\"WebSite\",\"@id\":\"https:\/\/www.zapholiday.eu\/blog\/#website\",\"url\":\"https:\/\/www.zapholiday.eu\/blog\/\",\"name\":\"Blog\",\"description\":\"ZapHoliday\",\"potentialAction\":[{\"@type\":\"SearchAction\",\"target\":{\"@type\":\"EntryPoint\",\"urlTemplate\":\"https:\/\/www.zapholiday.eu\/blog\/?s={search_term_string}\"},\"query-input\":{\"@type\":\"PropertyValueSpecification\",\"valueRequired\":true,\"valueName\":\"search_term_string\"}}],\"inLanguage\":\"fr\"},{\"@type\":\"Person\",\"@id\":\"https:\/\/www.zapholiday.eu\/blog\/#\/schema\/person\/e36acc37d1b50ea6469179e8fa03472d\",\"name\":\"admin\",\"image\":{\"@type\":\"ImageObject\",\"inLanguage\":\"fr\",\"@id\":\"https:\/\/www.zapholiday.eu\/blog\/#\/schema\/person\/image\/\",\"url\":\"https:\/\/secure.gravatar.com\/avatar\/42a1de295add8c33fd5048ebdd390af14c654bb55f9af92cf9fd71f197d4ffc8?s=96&d=mm&r=g\",\"contentUrl\":\"https:\/\/secure.gravatar.com\/avatar\/42a1de295add8c33fd5048ebdd390af14c654bb55f9af92cf9fd71f197d4ffc8?s=96&d=mm&r=g\",\"caption\":\"admin\"},\"sameAs\":[\"https:\/\/www.zapholiday.eu\/blog\"],\"url\":\"https:\/\/www.zapholiday.eu\/blog\/author\/avantioblog\/\"}]}<\/script>\n<!-- \/ Yoast SEO plugin. -->","yoast_head_json":{"title":"La M\u00e9t\u00e9o sur la Costa del Sol | Blog","description":"Consultez la m\u00e9t\u00e9o sur la Costa del Sol et planifiez votre voyage avec un beau temps garanti.","robots":{"index":"index","follow":"follow","max-snippet":"max-snippet:-1","max-image-preview":"max-image-preview:large","max-video-preview":"max-video-preview:-1"},"canonical":"https:\/\/www.zapholiday.eu\/blog\/meteo-costa-del-sol\/","og_locale":"fr_FR","og_type":"article","og_title":"La M\u00e9t\u00e9o sur la Costa del Sol | Blog","og_description":"Consultez la m\u00e9t\u00e9o sur la Costa del Sol et planifiez votre voyage avec un beau temps garanti.","og_url":"https:\/\/www.zapholiday.eu\/blog\/meteo-costa-del-sol\/","og_site_name":"Blog","article_published_time":"2025-06-04T14:13:23+00:00","article_modified_time":"2025-10-27T12:42:53+00:00","og_image":[{"width":1920,"height":730,"url":"https:\/\/www.zapholiday.eu\/blog\/wp-content\/uploads\/2025\/06\/La-Meteo-sur-la-Costa-del-Sol.jpg","type":"image\/jpeg"}],"author":"admin","twitter_card":"summary_large_image","twitter_misc":{"Written by":"admin","Est. reading time":"6 minutes"},"schema":{"@context":"https:\/\/schema.org","@graph":[{"@type":"Article","@id":"https:\/\/www.zapholiday.eu\/blog\/meteo-costa-del-sol\/#article","isPartOf":{"@id":"https:\/\/www.zapholiday.eu\/blog\/meteo-costa-del-sol\/"},"author":{"name":"admin","@id":"https:\/\/www.zapholiday.eu\/blog\/#\/schema\/person\/e36acc37d1b50ea6469179e8fa03472d"},"headline":"La M\u00e9t\u00e9o sur la Costa del Sol\u00a0: quelle saison choisir\u00a0pour vos vacances ?","datePublished":"2025-06-04T14:13:23+00:00","dateModified":"2025-10-27T12:42:53+00:00","mainEntityOfPage":{"@id":"https:\/\/www.zapholiday.eu\/blog\/meteo-costa-del-sol\/"},"wordCount":1148,"commentCount":0,"image":{"@id":"https:\/\/www.zapholiday.eu\/blog\/meteo-costa-del-sol\/#primaryimage"},"thumbnailUrl":"https:\/\/www.zapholiday.eu\/blog\/wp-content\/uploads\/2025\/06\/La-Meteo-sur-la-Costa-del-Sol.jpg","articleSection":["Costa del Sol"],"inLanguage":"fr","potentialAction":[{"@type":"CommentAction","name":"Comment","target":["https:\/\/www.zapholiday.eu\/blog\/meteo-costa-del-sol\/#respond"]}]},{"@type":"WebPage","@id":"https:\/\/www.zapholiday.eu\/blog\/meteo-costa-del-sol\/","url":"https:\/\/www.zapholiday.eu\/blog\/meteo-costa-del-sol\/","name":"La M\u00e9t\u00e9o sur la Costa del Sol | Blog","isPartOf":{"@id":"https:\/\/www.zapholiday.eu\/blog\/#website"},"primaryImageOfPage":{"@id":"https:\/\/www.zapholiday.eu\/blog\/meteo-costa-del-sol\/#primaryimage"},"image":{"@id":"https:\/\/www.zapholiday.eu\/blog\/meteo-costa-del-sol\/#primaryimage"},"thumbnailUrl":"https:\/\/www.zapholiday.eu\/blog\/wp-content\/uploads\/2025\/06\/La-Meteo-sur-la-Costa-del-Sol.jpg","datePublished":"2025-06-04T14:13:23+00:00","dateModified":"2025-10-27T12:42:53+00:00","author":{"@id":"https:\/\/www.zapholiday.eu\/blog\/#\/schema\/person\/e36acc37d1b50ea6469179e8fa03472d"},"description":"Consultez la m\u00e9t\u00e9o sur la Costa del Sol et planifiez votre voyage avec un beau temps garanti.","breadcrumb":{"@id":"https:\/\/www.zapholiday.eu\/blog\/meteo-costa-del-sol\/#breadcrumb"},"inLanguage":"fr","potentialAction":[{"@type":"ReadAction","target":["https:\/\/www.zapholiday.eu\/blog\/meteo-costa-del-sol\/"]}]},{"@type":"ImageObject","inLanguage":"fr","@id":"https:\/\/www.zapholiday.eu\/blog\/meteo-costa-del-sol\/#primaryimage","url":"https:\/\/www.zapholiday.eu\/blog\/wp-content\/uploads\/2025\/06\/La-Meteo-sur-la-Costa-del-Sol.jpg","contentUrl":"https:\/\/www.zapholiday.eu\/blog\/wp-content\/uploads\/2025\/06\/La-Meteo-sur-la-Costa-del-Sol.jpg","width":1920,"height":730,"caption":"La-Meteo-sur-la-Costa-del-Sol.jpg"},{"@type":"BreadcrumbList","@id":"https:\/\/www.zapholiday.eu\/blog\/meteo-costa-del-sol\/#breadcrumb","itemListElement":[{"@type":"ListItem","position":1,"name":"Portada","item":"https:\/\/www.zapholiday.eu\/blog\/"},{"@type":"ListItem","position":2,"name":"La M\u00e9t\u00e9o sur la Costa del Sol\u00a0: quelle saison choisir\u00a0pour vos vacances ?"}]},{"@type":"WebSite","@id":"https:\/\/www.zapholiday.eu\/blog\/#website","url":"https:\/\/www.zapholiday.eu\/blog\/","name":"Blog","description":"ZapHoliday","potentialAction":[{"@type":"SearchAction","target":{"@type":"EntryPoint","urlTemplate":"https:\/\/www.zapholiday.eu\/blog\/?s={search_term_string}"},"query-input":{"@type":"PropertyValueSpecification","valueRequired":true,"valueName":"search_term_string"}}],"inLanguage":"fr"},{"@type":"Person","@id":"https:\/\/www.zapholiday.eu\/blog\/#\/schema\/person\/e36acc37d1b50ea6469179e8fa03472d","name":"admin","image":{"@type":"ImageObject","inLanguage":"fr","@id":"https:\/\/www.zapholiday.eu\/blog\/#\/schema\/person\/image\/","url":"https:\/\/secure.gravatar.com\/avatar\/42a1de295add8c33fd5048ebdd390af14c654bb55f9af92cf9fd71f197d4ffc8?s=96&d=mm&r=g","contentUrl":"https:\/\/secure.gravatar.com\/avatar\/42a1de295add8c33fd5048ebdd390af14c654bb55f9af92cf9fd71f197d4ffc8?s=96&d=mm&r=g","caption":"admin"},"sameAs":["https:\/\/www.zapholiday.eu\/blog"],"url":"https:\/\/www.zapholiday.eu\/blog\/author\/avantioblog\/"}]}},"_links":{"self":[{"href":"https:\/\/www.zapholiday.eu\/blog\/wp-json\/wp\/v2\/posts\/763","targetHints":{"allow":["GET"]}}],"collection":[{"href":"https:\/\/www.zapholiday.eu\/blog\/wp-json\/wp\/v2\/posts"}],"about":[{"href":"https:\/\/www.zapholiday.eu\/blog\/wp-json\/wp\/v2\/types\/post"}],"author":[{"embeddable":true,"href":"https:\/\/www.zapholiday.eu\/blog\/wp-json\/wp\/v2\/users\/1"}],"replies":[{"embeddable":true,"href":"https:\/\/www.zapholiday.eu\/blog\/wp-json\/wp\/v2\/comments?post=763"}],"version-history":[{"count":17,"href":"https:\/\/www.zapholiday.eu\/blog\/wp-json\/wp\/v2\/posts\/763\/revisions"}],"predecessor-version":[{"id":3169,"href":"https:\/\/www.zapholiday.eu\/blog\/wp-json\/wp\/v2\/posts\/763\/revisions\/3169"}],"wp:featuredmedia":[{"embeddable":true,"href":"https:\/\/www.zapholiday.eu\/blog\/wp-json\/wp\/v2\/media\/790"}],"wp:attachment":[{"href":"https:\/\/www.zapholiday.eu\/blog\/wp-json\/wp\/v2\/media?parent=763"}],"wp:term":[{"taxonomy":"category","embeddable":true,"href":"https:\/\/www.zapholiday.eu\/blog\/wp-json\/wp\/v2\/categories?post=763"},{"taxonomy":"post_tag","embeddable":true,"href":"https:\/\/www.zapholiday.eu\/blog\/wp-json\/wp\/v2\/tags?post=763"}],"curies":[{"name":"wp","href":"https:\/\/api.w.org\/{rel}","templated":true}]}}