{"id":3962,"date":"2026-01-29T14:44:26","date_gmt":"2026-01-29T14:44:26","guid":{"rendered":"https:\/\/www.zapholiday.eu\/blog\/location-vacances-estepona\/"},"modified":"2026-01-30T08:32:26","modified_gmt":"2026-01-30T08:32:26","slug":"location-vacances-estepona","status":"publish","type":"post","link":"https:\/\/www.zapholiday.eu\/blog\/location-vacances-estepona\/","title":{"rendered":"Location de vacances \u00e0 Estepona"},"content":{"rendered":"\t\t<div data-elementor-type=\"wp-post\" data-elementor-id=\"3962\" class=\"elementor elementor-3962 elementor-3928\" data-elementor-post-type=\"post\">\n\t\t\t\t<div class=\"elementor-element elementor-element-3e422876 e-flex e-con-boxed e-con e-parent\" data-id=\"3e422876\" data-element_type=\"container\" data-e-type=\"container\" data-settings=\"{&quot;background_background&quot;:&quot;classic&quot;}\">\n\t\t\t\t\t<div class=\"e-con-inner\">\n\t\t\t\t<div class=\"elementor-element elementor-element-8768ee2 elementor-widget elementor-widget-heading\" data-id=\"8768ee2\" data-element_type=\"widget\" data-e-type=\"widget\" data-widget_type=\"heading.default\">\n\t\t\t\t<div class=\"elementor-widget-container\">\n\t\t\t\t\t<h1 class=\"elementor-heading-title elementor-size-default\">Location de vacances \u00e0 Estepona en Espagne<\/h1>\t\t\t\t<\/div>\n\t\t\t\t<\/div>\n\t\t\t\t<div class=\"elementor-element elementor-element-433bc254 elementor-widget elementor-widget-heading\" data-id=\"433bc254\" data-element_type=\"widget\" data-e-type=\"widget\" data-widget_type=\"heading.default\">\n\t\t\t\t<div class=\"elementor-widget-container\">\n\t\t\t\t\t<h2 class=\"elementor-heading-title elementor-size-default\">Nature, mer et tranquillit\u00e9<\/h2>\t\t\t\t<\/div>\n\t\t\t\t<\/div>\n\t\t\t\t\t<\/div>\n\t\t\t\t<\/div>\n\t\t<div class=\"elementor-element elementor-element-1ee87a48 e-flex e-con-boxed e-con e-parent\" data-id=\"1ee87a48\" data-element_type=\"container\" data-e-type=\"container\">\n\t\t\t\t\t<div class=\"e-con-inner\">\n\t\t\t\t<div class=\"elementor-element elementor-element-653f7cd2 elementor-widget elementor-widget-heading\" data-id=\"653f7cd2\" data-element_type=\"widget\" data-e-type=\"widget\" data-widget_type=\"heading.default\">\n\t\t\t\t<div class=\"elementor-widget-container\">\n\t\t\t\t\t<h2 class=\"elementor-heading-title elementor-size-default\">Notre s\u00e9lection de locations de vacances \u00e0 Estepona<\/h2>\t\t\t\t<\/div>\n\t\t\t\t<\/div>\n\t\t\t\t<div class=\"elementor-element elementor-element-5baba15c elementor-widget-divider--view-line elementor-widget elementor-widget-divider\" data-id=\"5baba15c\" data-element_type=\"widget\" data-e-type=\"widget\" data-widget_type=\"divider.default\">\n\t\t\t\t<div class=\"elementor-widget-container\">\n\t\t\t\t\t\t\t<div class=\"elementor-divider\">\n\t\t\t<span class=\"elementor-divider-separator\">\n\t\t\t\t\t\t<\/span>\n\t\t<\/div>\n\t\t\t\t\t\t<\/div>\n\t\t\t\t<\/div>\n\t\t\t\t\t<\/div>\n\t\t\t\t<\/div>\n\t\t<div class=\"elementor-element elementor-element-5cd493d5 e-flex e-con-boxed e-con e-parent\" data-id=\"5cd493d5\" data-element_type=\"container\" data-e-type=\"container\">\n\t\t\t\t\t<div class=\"e-con-inner\">\n\t\t\t\t<div class=\"elementor-element elementor-element-73051389 elementor-widget elementor-widget-grid\" data-id=\"73051389\" data-element_type=\"widget\" data-e-type=\"widget\" data-widget_type=\"grid.default\">\n\t\t\t\t<div class=\"elementor-widget-container\">\n\t\t\t\t\t\t\t<div class=\"its--row alojamientos-recomendados\">\n\n\t\t\t<div class=\"alojamientos-recomendados-container\">\n\n\t\t\t\t\t\n\t\t\t\t\t<a href=\"https:\/\/www.zapholiday.eu\/location\/appartement-estepona-valle-romano-golf-2060-152314.html\" rel=\"nofollow\" style=\"width: 32%;\">\n\t\t\t\t\t\t<div class=\"apartamento-box\">\n\t\t\t\t\t\t\t<div class=\"imagen_recomendados\">\n\t\t\t\t\t\t\t\t<img decoding=\"async\" src=\"https:\/\/crs.avantio.com\/fotos\/2\/14527678402852bd10165e85874b1101440fe6204c\/big164439449126076e262fb81bc15244895168067ad2.jpg\" alt=\"Valle Romano Golf 2060\">\n\t\t\t\t\t\t\t<\/div>\n\t\t\t\t\t\t\t<div class=\"info\">\n\t\t\t\t\t\t\t\t<div class=\"ubicacion\">\n\t\t\t\t\t\t\t\t\t<i class=\"fa-solid fa-location-dot icono-mapa\"><\/i><span class=\"ubicacion-texto\">Estepona - Dpt. Malaga<\/span>\n\t\t\t\t\t\t\t\t<\/div>\n\t\t\t\t\t\t\t\t<H4 class=\"titulo-alojamiento\">\n\t\t\t\t\t\t\t\t\tValle Romano Golf 2060\t\t\t\t\t\t\t\t<\/H4>\n\t\t\t\t\t\t\t\t<p class=\"precio-alojamiento\">\u00c0 partir de <span class=\"precio\">55.00\u20ac<\/span> par nuit<\/p>\n\t\t\t\t\t\t\t<\/div>\n\t\t\t\t\t\t<\/div>\n\t\t\t\t\t<\/a> \n\t\t\t\t\t\t\n\t\t\t\t\t<a href=\"https:\/\/www.zapholiday.eu\/location\/appartement-estepona-valle-romano-estepona-2051-161169.html\" rel=\"nofollow\" style=\"width: 32%;\">\n\t\t\t\t\t\t<div class=\"apartamento-box\">\n\t\t\t\t\t\t\t<div class=\"imagen_recomendados\">\n\t\t\t\t\t\t\t\t<img decoding=\"async\" src=\"https:\/\/crs.avantio.com\/fotos\/2\/1463661095564788137dd4fe5f6eead0ecd0ef383b\/big157424431972ec92206790a44b79e640776d108f8b.jpg\" alt=\" Valle Romano Estepona 2051\">\n\t\t\t\t\t\t\t<\/div>\n\t\t\t\t\t\t\t<div class=\"info\">\n\t\t\t\t\t\t\t\t<div class=\"ubicacion\">\n\t\t\t\t\t\t\t\t\t<i class=\"fa-solid fa-location-dot icono-mapa\"><\/i><span class=\"ubicacion-texto\">Estepona - Dpt. Malaga<\/span>\n\t\t\t\t\t\t\t\t<\/div>\n\t\t\t\t\t\t\t\t<H4 class=\"titulo-alojamiento\">\n\t\t\t\t\t\t\t\t\t Valle Romano Estepona 2051\t\t\t\t\t\t\t\t<\/H4>\n\t\t\t\t\t\t\t\t<p class=\"precio-alojamiento\">\u00c0 partir de <span class=\"precio\">55.00\u20ac<\/span> par nuit<\/p>\n\t\t\t\t\t\t\t<\/div>\n\t\t\t\t\t\t<\/div>\n\t\t\t\t\t<\/a> \n\t\t\t\t\t\t\n\t\t\t\t\t<a href=\"https:\/\/www.zapholiday.eu\/location\/appartement-estepona-soto-serena-2256-estepona-266047.html\" rel=\"nofollow\" style=\"width: 32%;\">\n\t\t\t\t\t\t<div class=\"apartamento-box\">\n\t\t\t\t\t\t\t<div class=\"imagen_recomendados\">\n\t\t\t\t\t\t\t\t<img decoding=\"async\" src=\"https:\/\/crs.avantio.com\/fotos\/2\/15417758333e8154cfadf0498c05ad9f024a8130ae\/big154281987313a16ba8372161e08cc2715a81491b65.jpg\" alt=\"Soto Serena 2256 Estepona\">\n\t\t\t\t\t\t\t<\/div>\n\t\t\t\t\t\t\t<div class=\"info\">\n\t\t\t\t\t\t\t\t<div class=\"ubicacion\">\n\t\t\t\t\t\t\t\t\t<i class=\"fa-solid fa-location-dot icono-mapa\"><\/i><span class=\"ubicacion-texto\">Estepona - Dpt. Malaga<\/span>\n\t\t\t\t\t\t\t\t<\/div>\n\t\t\t\t\t\t\t\t<H4 class=\"titulo-alojamiento\">\n\t\t\t\t\t\t\t\t\tSoto Serena 2256 Estepona\t\t\t\t\t\t\t\t<\/H4>\n\t\t\t\t\t\t\t\t<p class=\"precio-alojamiento\">\u00c0 partir de <span class=\"precio\">80.00\u20ac<\/span> par nuit<\/p>\n\t\t\t\t\t\t\t<\/div>\n\t\t\t\t\t\t<\/div>\n\t\t\t\t\t<\/a> \n\t\t\t\t\t\t\n\t\t\t\t\t<a href=\"https:\/\/www.zapholiday.eu\/location\/appartement-estepona-valle-romano-penthouse-2266-271796.html\" rel=\"nofollow\" style=\"width: 32%;\">\n\t\t\t\t\t\t<div class=\"apartamento-box\">\n\t\t\t\t\t\t\t<div class=\"imagen_recomendados\">\n\t\t\t\t\t\t\t\t<img decoding=\"async\" src=\"https:\/\/crs.avantio.com\/fotos\/2\/15477256846b852567fca7a199790642e4ee1eb951\/big1548261918f7368eef1fc4c312de3cefe56d89d27e.jpg\" alt=\"R\u00e9f: 2266\">\n\t\t\t\t\t\t\t<\/div>\n\t\t\t\t\t\t\t<div class=\"info\">\n\t\t\t\t\t\t\t\t<div class=\"ubicacion\">\n\t\t\t\t\t\t\t\t\t<i class=\"fa-solid fa-location-dot icono-mapa\"><\/i><span class=\"ubicacion-texto\">Estepona - Dpt. Malaga<\/span>\n\t\t\t\t\t\t\t\t<\/div>\n\t\t\t\t\t\t\t\t<H4 class=\"titulo-alojamiento\">\n\t\t\t\t\t\t\t\t\tR\u00e9f: 2266\t\t\t\t\t\t\t\t<\/H4>\n\t\t\t\t\t\t\t\t<p class=\"precio-alojamiento\">\u00c0 partir de <span class=\"precio\">55.00\u20ac<\/span> par nuit<\/p>\n\t\t\t\t\t\t\t<\/div>\n\t\t\t\t\t\t<\/div>\n\t\t\t\t\t<\/a> \n\t\t\t\t\t\t\n\t\t\t\t\t<a href=\"https:\/\/www.zapholiday.eu\/location\/appartement-estepona-valle-romano-capitolio-2275-golf-sea-279499.html\" rel=\"nofollow\" style=\"width: 32%;\">\n\t\t\t\t\t\t<div class=\"apartamento-box\">\n\t\t\t\t\t\t\t<div class=\"imagen_recomendados\">\n\t\t\t\t\t\t\t\t<img decoding=\"async\" src=\"https:\/\/crs.avantio.com\/fotos\/2\/155247890785260138ac0b55e0eb3f04b03d0f89eb\/big15531650446aa113d11245d00c381f9332a7046f44.jpg\" alt=\"Appartement 4\/6 avec piscine \u00e0 pied de golf, Valle Romano Estepona I 2275\">\n\t\t\t\t\t\t\t<\/div>\n\t\t\t\t\t\t\t<div class=\"info\">\n\t\t\t\t\t\t\t\t<div class=\"ubicacion\">\n\t\t\t\t\t\t\t\t\t<i class=\"fa-solid fa-location-dot icono-mapa\"><\/i><span class=\"ubicacion-texto\">Estepona - Dpt. Malaga<\/span>\n\t\t\t\t\t\t\t\t<\/div>\n\t\t\t\t\t\t\t\t<H4 class=\"titulo-alojamiento\">\n\t\t\t\t\t\t\t\t\tAppartement 4\/6 avec piscine \u00e0 pied de golf, Valle Romano Estepona I 2275\t\t\t\t\t\t\t\t<\/H4>\n\t\t\t\t\t\t\t\t<p class=\"precio-alojamiento\">\u00c0 partir de <span class=\"precio\">60.00\u20ac<\/span> par nuit<\/p>\n\t\t\t\t\t\t\t<\/div>\n\t\t\t\t\t\t<\/div>\n\t\t\t\t\t<\/a> \n\t\t\t\t\t\t\n\t\t\t\t\t<a href=\"https:\/\/www.zapholiday.eu\/location\/appartement-estepona-la-resina-estepona-2407-golf-beach-401150.html\" rel=\"nofollow\" style=\"width: 32%;\">\n\t\t\t\t\t\t<div class=\"apartamento-box\">\n\t\t\t\t\t\t\t<div class=\"imagen_recomendados\">\n\t\t\t\t\t\t\t\t<img decoding=\"async\" src=\"https:\/\/crs.avantio.com\/fotos\/2\/16693693805ad951924658d1d4ad96d04583e1cfee\/big16693694520ca8a2937db64fbb3fb1a4cbe24dc22a.jpg\" alt=\" La Resina 2407 Golf & beach\">\n\t\t\t\t\t\t\t<\/div>\n\t\t\t\t\t\t\t<div class=\"info\">\n\t\t\t\t\t\t\t\t<div class=\"ubicacion\">\n\t\t\t\t\t\t\t\t\t<i class=\"fa-solid fa-location-dot icono-mapa\"><\/i><span class=\"ubicacion-texto\">Estepona - Dpt. Malaga<\/span>\n\t\t\t\t\t\t\t\t<\/div>\n\t\t\t\t\t\t\t\t<H4 class=\"titulo-alojamiento\">\n\t\t\t\t\t\t\t\t\t La Resina 2407 Golf & beach\t\t\t\t\t\t\t\t<\/H4>\n\t\t\t\t\t\t\t\t<p class=\"precio-alojamiento\">\u00c0 partir de <span class=\"precio\">90.00\u20ac<\/span> par nuit<\/p>\n\t\t\t\t\t\t\t<\/div>\n\t\t\t\t\t\t<\/div>\n\t\t\t\t\t<\/a> \n\t\t\t\t\t\t\n\t\t\t\t\t<a href=\"https:\/\/www.zapholiday.eu\/location\/maison-estepona-estepona-town-centre-2339-469337.html\" rel=\"nofollow\" style=\"width: 32%;\">\n\t\t\t\t\t\t<div class=\"apartamento-box\">\n\t\t\t\t\t\t\t<div class=\"imagen_recomendados\">\n\t\t\t\t\t\t\t\t<img decoding=\"async\" src=\"https:\/\/crs.avantio.com\/fotos\/2\/1639667676dbf730eaea645a7dc3e80394ffc82d83\/big171535421293abfea21329380a3532df6258c87a30.jpg\" alt=\"2339\">\n\t\t\t\t\t\t\t<\/div>\n\t\t\t\t\t\t\t<div class=\"info\">\n\t\t\t\t\t\t\t\t<div class=\"ubicacion\">\n\t\t\t\t\t\t\t\t\t<i class=\"fa-solid fa-location-dot icono-mapa\"><\/i><span class=\"ubicacion-texto\">Estepona - Dpt. Malaga<\/span>\n\t\t\t\t\t\t\t\t<\/div>\n\t\t\t\t\t\t\t\t<H4 class=\"titulo-alojamiento\">\n\t\t\t\t\t\t\t\t\t2339\t\t\t\t\t\t\t\t<\/H4>\n\t\t\t\t\t\t\t\t<p class=\"precio-alojamiento\">\u00c0 partir de <span class=\"precio\">360.00\u20ac<\/span> par nuit<\/p>\n\t\t\t\t\t\t\t<\/div>\n\t\t\t\t\t\t<\/div>\n\t\t\t\t\t<\/a> \n\t\t\t\t\t\t\n\t\t\t\t\t<a href=\"https:\/\/www.zapholiday.eu\/location\/appartement-estepona-ribera-luar-penthouse-2459-estepona-marbella-671719.html\" rel=\"nofollow\" style=\"width: 32%;\">\n\t\t\t\t\t\t<div class=\"apartamento-box\">\n\t\t\t\t\t\t\t<div class=\"imagen_recomendados\">\n\t\t\t\t\t\t\t\t<img decoding=\"async\" src=\"https:\/\/crs.avantio.com\/fotos\/3\/1759496649914f12aca080c0745c9e583026a7d543\/big1773831636d15592f71371d8d94777c21328c42e30.jpg\" alt=\" Ribera Luar Penthouse 2459 Estepona - Marbella\">\n\t\t\t\t\t\t\t<\/div>\n\t\t\t\t\t\t\t<div class=\"info\">\n\t\t\t\t\t\t\t\t<div class=\"ubicacion\">\n\t\t\t\t\t\t\t\t\t<i class=\"fa-solid fa-location-dot icono-mapa\"><\/i><span class=\"ubicacion-texto\">Estepona - Dpt. Malaga<\/span>\n\t\t\t\t\t\t\t\t<\/div>\n\t\t\t\t\t\t\t\t<H4 class=\"titulo-alojamiento\">\n\t\t\t\t\t\t\t\t\t Ribera Luar Penthouse 2459 Estepona - Marbella\t\t\t\t\t\t\t\t<\/H4>\n\t\t\t\t\t\t\t\t<p class=\"precio-alojamiento\">\u00c0 partir de <span class=\"precio\">90.00\u20ac<\/span> par nuit<\/p>\n\t\t\t\t\t\t\t<\/div>\n\t\t\t\t\t\t<\/div>\n\t\t\t\t\t<\/a> \n\t\t\t\t\t\t\t\t<\/div>\n\t\t\t<\/div>\n\t\t\t\t\t\t<\/div>\n\t\t\t\t<\/div>\n\t\t\t\t<div class=\"elementor-element elementor-element-4363b7ca elementor-align-center elementor-mobile-align-center elementor-widget elementor-widget-button\" data-id=\"4363b7ca\" data-element_type=\"widget\" data-e-type=\"widget\" data-widget_type=\"button.default\">\n\t\t\t\t<div class=\"elementor-widget-container\">\n\t\t\t\t\t\t\t\t\t<div class=\"elementor-button-wrapper\">\n\t\t\t\t\t<a class=\"elementor-button elementor-button-link elementor-size-sm elementor-animation-grow\" href=\"https:\/\/www.zapholiday.eu\/location\/locations-estepona-d266\/\">\n\t\t\t\t\t\t<span class=\"elementor-button-content-wrapper\">\n\t\t\t\t\t\t\t\t\t<span class=\"elementor-button-text\">Voir plus de logements<\/span>\n\t\t\t\t\t<\/span>\n\t\t\t\t\t<\/a>\n\t\t\t\t<\/div>\n\t\t\t\t\t\t\t\t<\/div>\n\t\t\t\t<\/div>\n\t\t\t\t\t<\/div>\n\t\t\t\t<\/div>\n\t\t<div class=\"elementor-element elementor-element-607ad20f e-flex e-con-boxed e-con e-parent\" data-id=\"607ad20f\" data-element_type=\"container\" data-e-type=\"container\">\n\t\t\t\t\t<div class=\"e-con-inner\">\n\t\t\t\t<div class=\"elementor-element elementor-element-2d43723e elementor-widget elementor-widget-heading\" data-id=\"2d43723e\" data-element_type=\"widget\" data-e-type=\"widget\" data-widget_type=\"heading.default\">\n\t\t\t\t<div class=\"elementor-widget-container\">\n\t\t\t\t\t<h2 class=\"elementor-heading-title elementor-size-default\">Votre escapade parfaite \u00e0 Estepona avec ZapHoliday<\/h2>\t\t\t\t<\/div>\n\t\t\t\t<\/div>\n\t\t\t\t<div class=\"elementor-element elementor-element-2a600dd elementor-widget-divider--view-line elementor-widget elementor-widget-divider\" data-id=\"2a600dd\" data-element_type=\"widget\" data-e-type=\"widget\" data-widget_type=\"divider.default\">\n\t\t\t\t<div class=\"elementor-widget-container\">\n\t\t\t\t\t\t\t<div class=\"elementor-divider\">\n\t\t\t<span class=\"elementor-divider-separator\">\n\t\t\t\t\t\t<\/span>\n\t\t<\/div>\n\t\t\t\t\t\t<\/div>\n\t\t\t\t<\/div>\n\t\t\t\t<div class=\"elementor-element elementor-element-1080459d elementor-widget elementor-widget-text-editor\" data-id=\"1080459d\" data-element_type=\"widget\" data-e-type=\"widget\" data-widget_type=\"text-editor.default\">\n\t\t\t\t<div class=\"elementor-widget-container\">\n\t\t\t\t\t\t\t\t\t<p>Zapholiday offre une s\u00e9lection soign\u00e9e de <strong>locations de vacances \u00e0 Estepona<\/strong>, sp\u00e9cialement con\u00e7ues pour les familles qui recherchent confort, tranquillit\u00e9 et proximit\u00e9 des meilleures plages de la Costa del Sol. Nos logements sont <strong>enti\u00e8rement \u00e9quip\u00e9s<\/strong>, avec piscines, terrasses priv\u00e9es et vues sur la mer. <\/p><p>Estepona est \u00e9galement une destination de r\u00e9f\u00e9rence pour les amateurs de golf, faisant partie de la c\u00e9l\u00e8bre Costa del Golf. Dans ses environs se trouvent certains des meilleurs terrains d&#8217;Andalousie, comme <a href=\"https:\/\/esteponagolf.com\/\">Estepona Golf<\/a> ou le prestigieux <a href=\"https:\/\/www.fincacortesin.com\/es\/golf\">Finca Cortes\u00edn<\/a>, si\u00e8ge de tournois internationaux. Nous proposons des h\u00e9bergements strat\u00e9giquement situ\u00e9s \u00e0 proximit\u00e9 des terrains de golf, id\u00e9aux tant pour les golfeurs que pour les familles qui souhaitent combiner sport, repos et plage lors de vacances compl\u00e8tes.  <\/p>\t\t\t\t\t\t\t\t<\/div>\n\t\t\t\t<\/div>\n\t\t\t\t\t<\/div>\n\t\t\t\t<\/div>\n\t\t<div class=\"elementor-element elementor-element-695edda6 e-flex e-con-boxed e-con e-parent\" data-id=\"695edda6\" data-element_type=\"container\" data-e-type=\"container\">\n\t\t\t\t\t<div class=\"e-con-inner\">\n\t\t<div class=\"elementor-element elementor-element-39a0a1eb e-con-full e-flex e-con e-child\" data-id=\"39a0a1eb\" data-element_type=\"container\" data-e-type=\"container\">\n\t\t\t\t<div class=\"elementor-element elementor-element-27bcbcf5 elementor-widget elementor-widget-text-editor\" data-id=\"27bcbcf5\" data-element_type=\"widget\" data-e-type=\"widget\" data-widget_type=\"text-editor.default\">\n\t\t\t\t<div class=\"elementor-widget-container\">\n\t\t\t\t\t\t\t\t\t<p><a href=\"https:\/\/www.zapholiday.eu\/location\/appartements-estepona-c1d266\/\"><b>APPARTEMENTS<\/b><\/a><\/p>\t\t\t\t\t\t\t\t<\/div>\n\t\t\t\t<\/div>\n\t\t\t\t<\/div>\n\t\t<div class=\"elementor-element elementor-element-79025d7f e-con-full e-flex e-con e-child\" data-id=\"79025d7f\" data-element_type=\"container\" data-e-type=\"container\">\n\t\t\t\t<div class=\"elementor-element elementor-element-981f7ff elementor-widget elementor-widget-text-editor\" data-id=\"981f7ff\" data-element_type=\"widget\" data-e-type=\"widget\" data-widget_type=\"text-editor.default\">\n\t\t\t\t<div class=\"elementor-widget-container\">\n\t\t\t\t\t\t\t\t\t<p><strong><a href=\"https:\/\/www.zapholiday.eu\/location\/maisons-estepona-c19d266\/\">MAISONS<\/a><\/strong><\/p>\t\t\t\t\t\t\t\t<\/div>\n\t\t\t\t<\/div>\n\t\t\t\t<\/div>\n\t\t\t\t\t<\/div>\n\t\t\t\t<\/div>\n\t\t<div class=\"elementor-element elementor-element-654956a9 e-flex e-con-boxed e-con e-parent\" data-id=\"654956a9\" data-element_type=\"container\" data-e-type=\"container\">\n\t\t\t\t\t<div class=\"e-con-inner\">\n\t\t\t\t<div class=\"elementor-element elementor-element-2efb88ea elementor-widget elementor-widget-heading\" data-id=\"2efb88ea\" data-element_type=\"widget\" data-e-type=\"widget\" data-widget_type=\"heading.default\">\n\t\t\t\t<div class=\"elementor-widget-container\">\n\t\t\t\t\t<h2 class=\"elementor-heading-title elementor-size-default\">H\u00e9bergements avec piscine \u00e0 Estepona<\/h2>\t\t\t\t<\/div>\n\t\t\t\t<\/div>\n\t\t\t\t<div class=\"elementor-element elementor-element-339d90a5 elementor-widget elementor-widget-grid\" data-id=\"339d90a5\" data-element_type=\"widget\" data-e-type=\"widget\" data-widget_type=\"grid.default\">\n\t\t\t\t<div class=\"elementor-widget-container\">\n\t\t\t\t\t\t\t<div class=\"its--row alojamientos-recomendados\">\n\n\t\t\t<div class=\"alojamientos-recomendados-container\">\n\n\t\t\t\t\t\n\t\t\t\t\t<a href=\"https:\/\/www.zapholiday.eu\/location\/appartement-estepona-valle-romano-golf-2060-152314.html\" rel=\"nofollow\" style=\"width: 23%;\">\n\t\t\t\t\t\t<div class=\"apartamento-box\">\n\t\t\t\t\t\t\t<div class=\"imagen_recomendados\">\n\t\t\t\t\t\t\t\t<img decoding=\"async\" src=\"https:\/\/crs.avantio.com\/fotos\/2\/14527678402852bd10165e85874b1101440fe6204c\/big164439449126076e262fb81bc15244895168067ad2.jpg\" alt=\"Valle Romano Golf 2060\">\n\t\t\t\t\t\t\t<\/div>\n\t\t\t\t\t\t\t<div class=\"info\">\n\t\t\t\t\t\t\t\t<div class=\"ubicacion\">\n\t\t\t\t\t\t\t\t\t<i class=\"fa-solid fa-location-dot icono-mapa\"><\/i><span class=\"ubicacion-texto\">Estepona - Dpt. Malaga<\/span>\n\t\t\t\t\t\t\t\t<\/div>\n\t\t\t\t\t\t\t\t<H4 class=\"titulo-alojamiento\">\n\t\t\t\t\t\t\t\t\tValle Romano Golf 2060\t\t\t\t\t\t\t\t<\/H4>\n\t\t\t\t\t\t\t\t<p class=\"precio-alojamiento\">\u00c0 partir de <span class=\"precio\">55.00\u20ac<\/span> par nuit<\/p>\n\t\t\t\t\t\t\t<\/div>\n\t\t\t\t\t\t<\/div>\n\t\t\t\t\t<\/a> \n\t\t\t\t\t\t\n\t\t\t\t\t<a href=\"https:\/\/www.zapholiday.eu\/location\/appartement-estepona-soto-serena-2256-estepona-266047.html\" rel=\"nofollow\" style=\"width: 23%;\">\n\t\t\t\t\t\t<div class=\"apartamento-box\">\n\t\t\t\t\t\t\t<div class=\"imagen_recomendados\">\n\t\t\t\t\t\t\t\t<img decoding=\"async\" src=\"https:\/\/crs.avantio.com\/fotos\/2\/15417758333e8154cfadf0498c05ad9f024a8130ae\/big154281987313a16ba8372161e08cc2715a81491b65.jpg\" alt=\"Soto Serena 2256 Estepona\">\n\t\t\t\t\t\t\t<\/div>\n\t\t\t\t\t\t\t<div class=\"info\">\n\t\t\t\t\t\t\t\t<div class=\"ubicacion\">\n\t\t\t\t\t\t\t\t\t<i class=\"fa-solid fa-location-dot icono-mapa\"><\/i><span class=\"ubicacion-texto\">Estepona - Dpt. Malaga<\/span>\n\t\t\t\t\t\t\t\t<\/div>\n\t\t\t\t\t\t\t\t<H4 class=\"titulo-alojamiento\">\n\t\t\t\t\t\t\t\t\tSoto Serena 2256 Estepona\t\t\t\t\t\t\t\t<\/H4>\n\t\t\t\t\t\t\t\t<p class=\"precio-alojamiento\">\u00c0 partir de <span class=\"precio\">80.00\u20ac<\/span> par nuit<\/p>\n\t\t\t\t\t\t\t<\/div>\n\t\t\t\t\t\t<\/div>\n\t\t\t\t\t<\/a> \n\t\t\t\t\t\t\n\t\t\t\t\t<a href=\"https:\/\/www.zapholiday.eu\/location\/appartement-estepona-valle-romano-capitolio-2275-golf-sea-279499.html\" rel=\"nofollow\" style=\"width: 23%;\">\n\t\t\t\t\t\t<div class=\"apartamento-box\">\n\t\t\t\t\t\t\t<div class=\"imagen_recomendados\">\n\t\t\t\t\t\t\t\t<img decoding=\"async\" src=\"https:\/\/crs.avantio.com\/fotos\/2\/155247890785260138ac0b55e0eb3f04b03d0f89eb\/big15531650446aa113d11245d00c381f9332a7046f44.jpg\" alt=\"Appartement 4\/6 avec piscine \u00e0 pied de golf, Valle Romano Estepona I 2275\">\n\t\t\t\t\t\t\t<\/div>\n\t\t\t\t\t\t\t<div class=\"info\">\n\t\t\t\t\t\t\t\t<div class=\"ubicacion\">\n\t\t\t\t\t\t\t\t\t<i class=\"fa-solid fa-location-dot icono-mapa\"><\/i><span class=\"ubicacion-texto\">Estepona - Dpt. Malaga<\/span>\n\t\t\t\t\t\t\t\t<\/div>\n\t\t\t\t\t\t\t\t<H4 class=\"titulo-alojamiento\">\n\t\t\t\t\t\t\t\t\tAppartement 4\/6 avec piscine \u00e0 pied de golf, Valle Romano Estepona I 2275\t\t\t\t\t\t\t\t<\/H4>\n\t\t\t\t\t\t\t\t<p class=\"precio-alojamiento\">\u00c0 partir de <span class=\"precio\">60.00\u20ac<\/span> par nuit<\/p>\n\t\t\t\t\t\t\t<\/div>\n\t\t\t\t\t\t<\/div>\n\t\t\t\t\t<\/a> \n\t\t\t\t\t\t\n\t\t\t\t\t<a href=\"https:\/\/www.zapholiday.eu\/location\/appartement-estepona-la-resina-estepona-2407-golf-beach-401150.html\" rel=\"nofollow\" style=\"width: 23%;\">\n\t\t\t\t\t\t<div class=\"apartamento-box\">\n\t\t\t\t\t\t\t<div class=\"imagen_recomendados\">\n\t\t\t\t\t\t\t\t<img decoding=\"async\" src=\"https:\/\/crs.avantio.com\/fotos\/2\/16693693805ad951924658d1d4ad96d04583e1cfee\/big16693694520ca8a2937db64fbb3fb1a4cbe24dc22a.jpg\" alt=\" La Resina 2407 Golf & beach\">\n\t\t\t\t\t\t\t<\/div>\n\t\t\t\t\t\t\t<div class=\"info\">\n\t\t\t\t\t\t\t\t<div class=\"ubicacion\">\n\t\t\t\t\t\t\t\t\t<i class=\"fa-solid fa-location-dot icono-mapa\"><\/i><span class=\"ubicacion-texto\">Estepona - Dpt. Malaga<\/span>\n\t\t\t\t\t\t\t\t<\/div>\n\t\t\t\t\t\t\t\t<H4 class=\"titulo-alojamiento\">\n\t\t\t\t\t\t\t\t\t La Resina 2407 Golf & beach\t\t\t\t\t\t\t\t<\/H4>\n\t\t\t\t\t\t\t\t<p class=\"precio-alojamiento\">\u00c0 partir de <span class=\"precio\">90.00\u20ac<\/span> par nuit<\/p>\n\t\t\t\t\t\t\t<\/div>\n\t\t\t\t\t\t<\/div>\n\t\t\t\t\t<\/a> \n\t\t\t\t\t\t\t\t<\/div>\n\t\t\t<\/div>\n\t\t\t\t\t\t<\/div>\n\t\t\t\t<\/div>\n\t\t\t\t<div class=\"elementor-element elementor-element-723e546d elementor-align-right elementor-mobile-align-center elementor-widget elementor-widget-button\" data-id=\"723e546d\" data-element_type=\"widget\" data-e-type=\"widget\" data-widget_type=\"button.default\">\n\t\t\t\t<div class=\"elementor-widget-container\">\n\t\t\t\t\t\t\t\t\t<div class=\"elementor-button-wrapper\">\n\t\t\t\t\t<a class=\"elementor-button elementor-button-link elementor-size-sm elementor-animation-grow\" href=\"https:\/\/www.zapholiday.eu\/location\/locations-estepona-d266\/tag-piscine\/\">\n\t\t\t\t\t\t<span class=\"elementor-button-content-wrapper\">\n\t\t\t\t\t\t\t\t\t<span class=\"elementor-button-text\">Plus de logements<\/span>\n\t\t\t\t\t<\/span>\n\t\t\t\t\t<\/a>\n\t\t\t\t<\/div>\n\t\t\t\t\t\t\t\t<\/div>\n\t\t\t\t<\/div>\n\t\t\t\t\t<\/div>\n\t\t\t\t<\/div>\n\t\t<div class=\"elementor-element elementor-element-2d6c3f40 e-flex e-con-boxed e-con e-parent\" data-id=\"2d6c3f40\" data-element_type=\"container\" data-e-type=\"container\">\n\t\t\t\t\t<div class=\"e-con-inner\">\n\t\t\t\t<div class=\"elementor-element elementor-element-44d7766d elementor-widget elementor-widget-heading\" data-id=\"44d7766d\" data-element_type=\"widget\" data-e-type=\"widget\" data-widget_type=\"heading.default\">\n\t\t\t\t<div class=\"elementor-widget-container\">\n\t\t\t\t\t<h2 class=\"elementor-heading-title elementor-size-default\">Location d'appartements pr\u00e8s des terrains de golf \u00e0 Estepona<\/h2>\t\t\t\t<\/div>\n\t\t\t\t<\/div>\n\t\t\t\t<div class=\"elementor-element elementor-element-447ce42 elementor-widget elementor-widget-grid\" data-id=\"447ce42\" data-element_type=\"widget\" data-e-type=\"widget\" data-widget_type=\"grid.default\">\n\t\t\t\t<div class=\"elementor-widget-container\">\n\t\t\t\t\t\t\t<div class=\"its--row alojamientos-recomendados\">\n\n\t\t\t<div class=\"alojamientos-recomendados-container\">\n\n\t\t\t\t\t\n\t\t\t\t\t<a href=\"https:\/\/www.zapholiday.eu\/location\/appartement-estepona-valle-romano-golf-2060-152314.html\" rel=\"nofollow\" style=\"width: 23%;\">\n\t\t\t\t\t\t<div class=\"apartamento-box\">\n\t\t\t\t\t\t\t<div class=\"imagen_recomendados\">\n\t\t\t\t\t\t\t\t<img decoding=\"async\" src=\"https:\/\/crs.avantio.com\/fotos\/2\/14527678402852bd10165e85874b1101440fe6204c\/big164439449126076e262fb81bc15244895168067ad2.jpg\" alt=\"Valle Romano Golf 2060\">\n\t\t\t\t\t\t\t<\/div>\n\t\t\t\t\t\t\t<div class=\"info\">\n\t\t\t\t\t\t\t\t<div class=\"ubicacion\">\n\t\t\t\t\t\t\t\t\t<i class=\"fa-solid fa-location-dot icono-mapa\"><\/i><span class=\"ubicacion-texto\">Estepona - Dpt. Malaga<\/span>\n\t\t\t\t\t\t\t\t<\/div>\n\t\t\t\t\t\t\t\t<H4 class=\"titulo-alojamiento\">\n\t\t\t\t\t\t\t\t\tValle Romano Golf 2060\t\t\t\t\t\t\t\t<\/H4>\n\t\t\t\t\t\t\t\t<p class=\"precio-alojamiento\">\u00c0 partir de <span class=\"precio\">55.00\u20ac<\/span> par nuit<\/p>\n\t\t\t\t\t\t\t<\/div>\n\t\t\t\t\t\t<\/div>\n\t\t\t\t\t<\/a> \n\t\t\t\t\t\t\n\t\t\t\t\t<a href=\"https:\/\/www.zapholiday.eu\/location\/appartement-estepona-valle-romano-estepona-2051-161169.html\" rel=\"nofollow\" style=\"width: 23%;\">\n\t\t\t\t\t\t<div class=\"apartamento-box\">\n\t\t\t\t\t\t\t<div class=\"imagen_recomendados\">\n\t\t\t\t\t\t\t\t<img decoding=\"async\" src=\"https:\/\/crs.avantio.com\/fotos\/2\/1463661095564788137dd4fe5f6eead0ecd0ef383b\/big157424431972ec92206790a44b79e640776d108f8b.jpg\" alt=\" Valle Romano Estepona 2051\">\n\t\t\t\t\t\t\t<\/div>\n\t\t\t\t\t\t\t<div class=\"info\">\n\t\t\t\t\t\t\t\t<div class=\"ubicacion\">\n\t\t\t\t\t\t\t\t\t<i class=\"fa-solid fa-location-dot icono-mapa\"><\/i><span class=\"ubicacion-texto\">Estepona - Dpt. Malaga<\/span>\n\t\t\t\t\t\t\t\t<\/div>\n\t\t\t\t\t\t\t\t<H4 class=\"titulo-alojamiento\">\n\t\t\t\t\t\t\t\t\t Valle Romano Estepona 2051\t\t\t\t\t\t\t\t<\/H4>\n\t\t\t\t\t\t\t\t<p class=\"precio-alojamiento\">\u00c0 partir de <span class=\"precio\">55.00\u20ac<\/span> par nuit<\/p>\n\t\t\t\t\t\t\t<\/div>\n\t\t\t\t\t\t<\/div>\n\t\t\t\t\t<\/a> \n\t\t\t\t\t\t\n\t\t\t\t\t<a href=\"https:\/\/www.zapholiday.eu\/location\/appartement-estepona-soto-serena-2256-estepona-266047.html\" rel=\"nofollow\" style=\"width: 23%;\">\n\t\t\t\t\t\t<div class=\"apartamento-box\">\n\t\t\t\t\t\t\t<div class=\"imagen_recomendados\">\n\t\t\t\t\t\t\t\t<img decoding=\"async\" src=\"https:\/\/crs.avantio.com\/fotos\/2\/15417758333e8154cfadf0498c05ad9f024a8130ae\/big154281987313a16ba8372161e08cc2715a81491b65.jpg\" alt=\"Soto Serena 2256 Estepona\">\n\t\t\t\t\t\t\t<\/div>\n\t\t\t\t\t\t\t<div class=\"info\">\n\t\t\t\t\t\t\t\t<div class=\"ubicacion\">\n\t\t\t\t\t\t\t\t\t<i class=\"fa-solid fa-location-dot icono-mapa\"><\/i><span class=\"ubicacion-texto\">Estepona - Dpt. Malaga<\/span>\n\t\t\t\t\t\t\t\t<\/div>\n\t\t\t\t\t\t\t\t<H4 class=\"titulo-alojamiento\">\n\t\t\t\t\t\t\t\t\tSoto Serena 2256 Estepona\t\t\t\t\t\t\t\t<\/H4>\n\t\t\t\t\t\t\t\t<p class=\"precio-alojamiento\">\u00c0 partir de <span class=\"precio\">80.00\u20ac<\/span> par nuit<\/p>\n\t\t\t\t\t\t\t<\/div>\n\t\t\t\t\t\t<\/div>\n\t\t\t\t\t<\/a> \n\t\t\t\t\t\t\n\t\t\t\t\t<a href=\"https:\/\/www.zapholiday.eu\/location\/appartement-estepona-valle-romano-penthouse-2266-271796.html\" rel=\"nofollow\" style=\"width: 23%;\">\n\t\t\t\t\t\t<div class=\"apartamento-box\">\n\t\t\t\t\t\t\t<div class=\"imagen_recomendados\">\n\t\t\t\t\t\t\t\t<img decoding=\"async\" src=\"https:\/\/crs.avantio.com\/fotos\/2\/15477256846b852567fca7a199790642e4ee1eb951\/big1548261918f7368eef1fc4c312de3cefe56d89d27e.jpg\" alt=\"R\u00e9f: 2266\">\n\t\t\t\t\t\t\t<\/div>\n\t\t\t\t\t\t\t<div class=\"info\">\n\t\t\t\t\t\t\t\t<div class=\"ubicacion\">\n\t\t\t\t\t\t\t\t\t<i class=\"fa-solid fa-location-dot icono-mapa\"><\/i><span class=\"ubicacion-texto\">Estepona - Dpt. Malaga<\/span>\n\t\t\t\t\t\t\t\t<\/div>\n\t\t\t\t\t\t\t\t<H4 class=\"titulo-alojamiento\">\n\t\t\t\t\t\t\t\t\tR\u00e9f: 2266\t\t\t\t\t\t\t\t<\/H4>\n\t\t\t\t\t\t\t\t<p class=\"precio-alojamiento\">\u00c0 partir de <span class=\"precio\">55.00\u20ac<\/span> par nuit<\/p>\n\t\t\t\t\t\t\t<\/div>\n\t\t\t\t\t\t<\/div>\n\t\t\t\t\t<\/a> \n\t\t\t\t\t\t\t\t<\/div>\n\t\t\t<\/div>\n\t\t\t\t\t\t<\/div>\n\t\t\t\t<\/div>\n\t\t\t\t<div class=\"elementor-element elementor-element-d928bda elementor-align-right elementor-mobile-align-center elementor-widget elementor-widget-button\" data-id=\"d928bda\" data-element_type=\"widget\" data-e-type=\"widget\" data-widget_type=\"button.default\">\n\t\t\t\t<div class=\"elementor-widget-container\">\n\t\t\t\t\t\t\t\t\t<div class=\"elementor-button-wrapper\">\n\t\t\t\t\t<a class=\"elementor-button elementor-button-link elementor-size-sm elementor-animation-grow\" href=\"https:\/\/www.zapholiday.eu\/location\/locations-estepona-d266\/tag-golf-pied\/\">\n\t\t\t\t\t\t<span class=\"elementor-button-content-wrapper\">\n\t\t\t\t\t\t\t\t\t<span class=\"elementor-button-text\">Plus de logements<\/span>\n\t\t\t\t\t<\/span>\n\t\t\t\t\t<\/a>\n\t\t\t\t<\/div>\n\t\t\t\t\t\t\t\t<\/div>\n\t\t\t\t<\/div>\n\t\t\t\t\t<\/div>\n\t\t\t\t<\/div>\n\t\t<div class=\"elementor-element elementor-element-3436253a e-flex e-con-boxed e-con e-parent\" data-id=\"3436253a\" data-element_type=\"container\" data-e-type=\"container\" data-settings=\"{&quot;background_background&quot;:&quot;classic&quot;}\">\n\t\t\t\t\t<div class=\"e-con-inner\">\n\t\t\t\t<div class=\"elementor-element elementor-element-e143d46 elementor-widget elementor-widget-heading\" data-id=\"e143d46\" data-element_type=\"widget\" data-e-type=\"widget\" data-widget_type=\"heading.default\">\n\t\t\t\t<div class=\"elementor-widget-container\">\n\t\t\t\t\t<h2 class=\"elementor-heading-title elementor-size-default\">D\u00e9couvrez Estepona en Espagne<\/h2>\t\t\t\t<\/div>\n\t\t\t\t<\/div>\n\t\t\t\t<div class=\"elementor-element elementor-element-6e208d39 elementor-widget-divider--view-line elementor-widget elementor-widget-divider\" data-id=\"6e208d39\" data-element_type=\"widget\" data-e-type=\"widget\" data-widget_type=\"divider.default\">\n\t\t\t\t<div class=\"elementor-widget-container\">\n\t\t\t\t\t\t\t<div class=\"elementor-divider\">\n\t\t\t<span class=\"elementor-divider-separator\">\n\t\t\t\t\t\t<\/span>\n\t\t<\/div>\n\t\t\t\t\t\t<\/div>\n\t\t\t\t<\/div>\n\t\t\t\t\t<\/div>\n\t\t\t\t<\/div>\n\t\t<div class=\"elementor-element elementor-element-5ffb1331 e-flex e-con-boxed e-con e-parent\" data-id=\"5ffb1331\" data-element_type=\"container\" data-e-type=\"container\" data-settings=\"{&quot;background_background&quot;:&quot;classic&quot;}\">\n\t\t\t\t\t<div class=\"e-con-inner\">\n\t\t<div class=\"elementor-element elementor-element-70a0b8e1 e-con-full e-flex e-con e-child\" data-id=\"70a0b8e1\" data-element_type=\"container\" data-e-type=\"container\">\n\t\t\t\t<div class=\"elementor-element elementor-element-32fca50f elementor-widget elementor-widget-heading\" data-id=\"32fca50f\" data-element_type=\"widget\" data-e-type=\"widget\" data-widget_type=\"heading.default\">\n\t\t\t\t<div class=\"elementor-widget-container\">\n\t\t\t\t\t<h3 class=\"elementor-heading-title elementor-size-default\">O\u00f9 se trouve Estepona ?<\/h3>\t\t\t\t<\/div>\n\t\t\t\t<\/div>\n\t\t\t\t<\/div>\n\t\t<div class=\"elementor-element elementor-element-7ecd713e e-con-full e-flex e-con e-child\" data-id=\"7ecd713e\" data-element_type=\"container\" data-e-type=\"container\">\n\t\t\t\t<div class=\"elementor-element elementor-element-6a6b2fe9 elementor-widget elementor-widget-text-editor\" data-id=\"6a6b2fe9\" data-element_type=\"widget\" data-e-type=\"widget\" data-widget_type=\"text-editor.default\">\n\t\t\t\t<div class=\"elementor-widget-container\">\n\t\t\t\t\t\t\t\t\t<p><strong>Estepona<\/strong> est une ville et une municipalit\u00e9 espagnole situ\u00e9e dans la province de M\u00e1laga, au sein de la communaut\u00e9 autonome d&#8217;Andalousie. Elle se trouve dans la zone sud-ouest de la province, int\u00e9gr\u00e9e dans la r\u00e9gion de la Costa del Sol Occidental. <\/p><p>Estepona n&#8217;est pas seulement une plage ; son emplacement est strat\u00e9gique en raison de la combinaison de la mer et de la montagne : Sierra Bermeja et 21 kilom\u00e8tres de c\u00f4te.<\/p><p>Connue comme le \u00ab <em><strong>Jardin de la Costa del Sol<\/strong><\/em> \u00bb, cette ville captive les familles gr\u00e2ce \u00e0 son ambiance s\u00fbre et ses plages tranquilles, tandis que sa vieille ville, d\u00e9cor\u00e9e d&#8217;une infinit\u00e9 de fleurs et de peintures murales artistiques, s\u00e9duit les voyageurs qui appr\u00e9cient l&#8217;authenticit\u00e9 et le \u00ab slow travel \u00bb.<\/p>\t\t\t\t\t\t\t\t<\/div>\n\t\t\t\t<\/div>\n\t\t\t\t<\/div>\n\t\t\t\t\t<\/div>\n\t\t\t\t<\/div>\n\t\t<div class=\"elementor-element elementor-element-2a86d93b e-flex e-con-boxed e-con e-parent\" data-id=\"2a86d93b\" data-element_type=\"container\" data-e-type=\"container\" data-settings=\"{&quot;background_background&quot;:&quot;classic&quot;}\">\n\t\t\t\t\t<div class=\"e-con-inner\">\n\t\t<div class=\"elementor-element elementor-element-4c7a7d9b e-con-full e-flex e-con e-child\" data-id=\"4c7a7d9b\" data-element_type=\"container\" data-e-type=\"container\">\n\t\t\t\t<div class=\"elementor-element elementor-element-2342b279 elementor-widget elementor-widget-heading\" data-id=\"2342b279\" data-element_type=\"widget\" data-e-type=\"widget\" data-widget_type=\"heading.default\">\n\t\t\t\t<div class=\"elementor-widget-container\">\n\t\t\t\t\t<h3 class=\"elementor-heading-title elementor-size-default\">Quand se rendre \u00e0 Estepona ?<\/h3>\t\t\t\t<\/div>\n\t\t\t\t<\/div>\n\t\t\t\t<\/div>\n\t\t<div class=\"elementor-element elementor-element-190aa74e e-con-full e-flex e-con e-child\" data-id=\"190aa74e\" data-element_type=\"container\" data-e-type=\"container\">\n\t\t\t\t<div class=\"elementor-element elementor-element-1c8a6a1f elementor-widget elementor-widget-text-editor\" data-id=\"1c8a6a1f\" data-element_type=\"widget\" data-e-type=\"widget\" data-widget_type=\"text-editor.default\">\n\t\t\t\t<div class=\"elementor-widget-container\">\n\t\t\t\t\t\t\t\t\t<p>Estepona b\u00e9n\u00e9ficie d&#8217;un microclimat privil\u00e9gi\u00e9 avec plus de 325 jours de soleil par an et une temp\u00e9rature moyenne annuelle de 18 \u00b0C.<\/p><ul><li><strong>Printemps<\/strong> : Printemps (avril \u00e0 juin) : temp\u00e9ratures agr\u00e9ables, moins d&#8217;affluence de touristes et la ville en fleurs. P\u00e9riode id\u00e9ale pour se promener, faire des excursions et profiter de la plage. <\/li><li><strong>\u00c9t\u00e9<\/strong> : saison parfaite pour ceux qui recherchent soleil, mer et ambiance anim\u00e9e. C&#8217;est la haute saison, avec plus d&#8217;activit\u00e9s familiales, de foires locales et de vie nocturne. <\/li><li><strong>Automne<\/strong> : climat chaud et plages tranquilles. Une excellente option pour des vacances relaxantes. <\/li><li><strong>Hiver<\/strong> : climat doux et ensoleill\u00e9. Moment parfait pour des escapades tranquilles ou pour profiter de vacances d\u00e9di\u00e9es au golf. <\/li><\/ul>\t\t\t\t\t\t\t\t<\/div>\n\t\t\t\t<\/div>\n\t\t\t\t<div class=\"elementor-element elementor-element-f32b1ec elementor-widget elementor-widget-text-editor\" data-id=\"f32b1ec\" data-element_type=\"widget\" data-e-type=\"widget\" data-widget_type=\"text-editor.default\">\n\t\t\t\t<div class=\"elementor-widget-container\">\n\t\t\t\t\t\t\t\t\t<p>Quelle que soit la saison, n&#8217;oubliez pas de r\u00e9server \u00e0 l&#8217;avance votre <strong>location de vacances \u00e0 Estepona<\/strong> pour profiter des meilleures options.<\/p>\t\t\t\t\t\t\t\t<\/div>\n\t\t\t\t<\/div>\n\t\t\t\t<\/div>\n\t\t\t\t\t<\/div>\n\t\t\t\t<\/div>\n\t\t<div class=\"elementor-element elementor-element-3e171de4 e-flex e-con-boxed e-con e-parent\" data-id=\"3e171de4\" data-element_type=\"container\" data-e-type=\"container\" data-settings=\"{&quot;background_background&quot;:&quot;classic&quot;}\">\n\t\t\t\t\t<div class=\"e-con-inner\">\n\t\t<div class=\"elementor-element elementor-element-416bc196 e-con-full e-flex e-con e-child\" data-id=\"416bc196\" data-element_type=\"container\" data-e-type=\"container\">\n\t\t\t\t<div class=\"elementor-element elementor-element-2f523a7 elementor-widget elementor-widget-heading\" data-id=\"2f523a7\" data-element_type=\"widget\" data-e-type=\"widget\" data-widget_type=\"heading.default\">\n\t\t\t\t<div class=\"elementor-widget-container\">\n\t\t\t\t\t<h3 class=\"elementor-heading-title elementor-size-default\">Que voir \u00e0 Estepona ?<\/h3>\t\t\t\t<\/div>\n\t\t\t\t<\/div>\n\t\t\t\t<\/div>\n\t\t<div class=\"elementor-element elementor-element-21568c72 e-con-full e-flex e-con e-child\" data-id=\"21568c72\" data-element_type=\"container\" data-e-type=\"container\">\n\t\t\t\t<div class=\"elementor-element elementor-element-9a1be6c elementor-widget elementor-widget-text-editor\" data-id=\"9a1be6c\" data-element_type=\"widget\" data-e-type=\"widget\" data-widget_type=\"text-editor.default\">\n\t\t\t\t<div class=\"elementor-widget-container\">\n\t\t\t\t\t\t\t\t\t<p><strong>Les 10 incontournables d&#8217;Estepona :<\/strong><\/p><ol><li>La vieille ville (labyrinthe andalou)<\/li><li>Parc botanique-orchidarium<\/li><li>Route des peintures murales artistiques<\/li><li>Place des Fleurs<\/li><li>Plage de la Rada et promenade maritime<\/li><li>Port de plaisance et de p\u00eache<\/li><li>Selwo Aventura<\/li><li>Sierra Bermeja (Pico de Los Reales)<\/li><li>Phare de Punta Doncella<\/li><li>Mus\u00e9e arch\u00e9ologique (Casa del Aljibe)<\/li><\/ol>\t\t\t\t\t\t\t\t<\/div>\n\t\t\t\t<\/div>\n\t\t\t\t<\/div>\n\t\t\t\t\t<\/div>\n\t\t\t\t<\/div>\n\t\t<div class=\"elementor-element elementor-element-4440b5ee e-flex e-con-boxed e-con e-parent\" data-id=\"4440b5ee\" data-element_type=\"container\" data-e-type=\"container\" data-settings=\"{&quot;background_background&quot;:&quot;classic&quot;}\">\n\t\t\t\t\t<div class=\"e-con-inner\">\n\t\t\t\t<div class=\"elementor-element elementor-element-6121d7f3 elementor-widget elementor-widget-heading\" data-id=\"6121d7f3\" data-element_type=\"widget\" data-e-type=\"widget\" data-widget_type=\"heading.default\">\n\t\t\t\t<div class=\"elementor-widget-container\">\n\t\t\t\t\t<h2 class=\"elementor-heading-title elementor-size-default\">Estepona : des vacances en famille inoubliables<\/h2>\t\t\t\t<\/div>\n\t\t\t\t<\/div>\n\t\t\t\t<div class=\"elementor-element elementor-element-402e1b80 elementor-align-center elementor-mobile-align-center elementor-widget elementor-widget-button\" data-id=\"402e1b80\" data-element_type=\"widget\" data-e-type=\"widget\" data-widget_type=\"button.default\">\n\t\t\t\t<div class=\"elementor-widget-container\">\n\t\t\t\t\t\t\t\t\t<div class=\"elementor-button-wrapper\">\n\t\t\t\t\t<a class=\"elementor-button elementor-button-link elementor-size-sm elementor-animation-grow\" href=\"https:\/\/www.zapholiday.eu\/blog\/\" target=\"_blank\">\n\t\t\t\t\t\t<span class=\"elementor-button-content-wrapper\">\n\t\t\t\t\t\t\t\t\t<span class=\"elementor-button-text\">Plus d'infos sur la zone<\/span>\n\t\t\t\t\t<\/span>\n\t\t\t\t\t<\/a>\n\t\t\t\t<\/div>\n\t\t\t\t\t\t\t\t<\/div>\n\t\t\t\t<\/div>\n\t\t\t\t\t<\/div>\n\t\t\t\t<\/div>\n\t\t<div class=\"elementor-element elementor-element-7a06611a e-flex e-con-boxed e-con e-parent\" data-id=\"7a06611a\" data-element_type=\"container\" data-e-type=\"container\">\n\t\t\t\t\t<div class=\"e-con-inner\">\n\t\t\t\t<div class=\"elementor-element elementor-element-154bd1bc elementor-widget elementor-widget-heading\" data-id=\"154bd1bc\" data-element_type=\"widget\" data-e-type=\"widget\" data-widget_type=\"heading.default\">\n\t\t\t\t<div class=\"elementor-widget-container\">\n\t\t\t\t\t<h2 class=\"elementor-heading-title elementor-size-default\">Avis de nos clients<\/h2>\t\t\t\t<\/div>\n\t\t\t\t<\/div>\n\t\t\t\t<div class=\"elementor-element elementor-element-2f3870e6 elementor-widget-divider--view-line elementor-widget elementor-widget-divider\" data-id=\"2f3870e6\" data-element_type=\"widget\" data-e-type=\"widget\" data-widget_type=\"divider.default\">\n\t\t\t\t<div class=\"elementor-widget-container\">\n\t\t\t\t\t\t\t<div class=\"elementor-divider\">\n\t\t\t<span class=\"elementor-divider-separator\">\n\t\t\t\t\t\t<\/span>\n\t\t<\/div>\n\t\t\t\t\t\t<\/div>\n\t\t\t\t<\/div>\n\t\t\t\t\t<\/div>\n\t\t\t\t<\/div>\n\t\t<div class=\"elementor-element elementor-element-b39ae93 e-flex e-con-boxed e-con e-parent\" data-id=\"b39ae93\" data-element_type=\"container\" data-e-type=\"container\">\n\t\t\t\t\t<div class=\"e-con-inner\">\n\t\t\t\t<div class=\"elementor-element elementor-element-f81961b elementor-testimonial--skin-default elementor-testimonial--layout-image_inline elementor-testimonial--align-center elementor-arrows-yes elementor-pagination-type-bullets elementor-widget elementor-widget-testimonial-carousel\" data-id=\"f81961b\" data-element_type=\"widget\" data-e-type=\"widget\" data-settings=\"{&quot;show_arrows&quot;:&quot;yes&quot;,&quot;pagination&quot;:&quot;bullets&quot;,&quot;speed&quot;:500,&quot;autoplay&quot;:&quot;yes&quot;,&quot;autoplay_speed&quot;:5000,&quot;loop&quot;:&quot;yes&quot;,&quot;pause_on_hover&quot;:&quot;yes&quot;,&quot;pause_on_interaction&quot;:&quot;yes&quot;,&quot;space_between&quot;:{&quot;unit&quot;:&quot;px&quot;,&quot;size&quot;:10,&quot;sizes&quot;:[]},&quot;space_between_tablet&quot;:{&quot;unit&quot;:&quot;px&quot;,&quot;size&quot;:10,&quot;sizes&quot;:[]},&quot;space_between_mobile&quot;:{&quot;unit&quot;:&quot;px&quot;,&quot;size&quot;:10,&quot;sizes&quot;:[]}}\" data-widget_type=\"testimonial-carousel.default\">\n\t\t\t\t<div class=\"elementor-widget-container\">\n\t\t\t\t\t\t\t\t\t<div class=\"elementor-swiper\">\n\t\t\t\t\t<div class=\"elementor-main-swiper swiper\" role=\"region\" aria-roledescription=\"carousel\" aria-label=\"Slides\">\n\t\t\t\t<div class=\"swiper-wrapper\">\n\t\t\t\t\t\t\t\t\t\t\t<div class=\"swiper-slide\" role=\"group\" aria-roledescription=\"slide\">\n\t\t\t\t\t\t\t\t\t<div class=\"elementor-testimonial\">\n\t\t\t\t\t\t\t<div class=\"elementor-testimonial__content\">\n\t\t\t\t\t<div class=\"elementor-testimonial__text\">\n\t\t\t\t\t\t<p>Tr\u00e8s contente, j\u2019ai fait une r\u00e9servation via Booking et j\u2019ai \u00e9t\u00e9 enchant\u00e9e par la qualit\u00e9 de la communication et la rapidit\u00e9 des r\u00e9ponses, rien \u00e0 redire, professionnel, rapide.<br \/>\nAppartement lou\u00e9 \u00e0 Manilva.<\/p>\n\t\t\t\t\t<\/div>\n\t\t\t\t\t\t\t\t\t<\/div>\n\t\t\t\t\t\t<div class=\"elementor-testimonial__footer\">\n\t\t\t\t\t\t\t\t<cite class=\"elementor-testimonial__cite\"><span class=\"elementor-testimonial__name\">Julie Ues<\/span><span class=\"elementor-testimonial__title\">Estepona<\/span><\/cite>\t\t\t<\/div>\n\t\t<\/div>\n\t\t\t\t\t\t\t\t<\/div>\n\t\t\t\t\t\t\t\t\t\t\t<div class=\"swiper-slide\" role=\"group\" aria-roledescription=\"slide\">\n\t\t\t\t\t\t\t\t\t<div class=\"elementor-testimonial\">\n\t\t\t\t\t\t\t<div class=\"elementor-testimonial__content\">\n\t\t\t\t\t<div class=\"elementor-testimonial__text\">\n\t\t\t\t\t\t<p>Nous avons pass\u00e9 de superbes vacances pr\u00e8s du port de La Duquesa. Nous reviendrons sans h\u00e9siter, gr\u00e2ce \u00e0 Zap pour son service de qualit\u00e9 et son personnel si agr\u00e9able. <\/p>\n\t\t\t\t\t<\/div>\n\t\t\t\t\t\t\t\t\t<\/div>\n\t\t\t\t\t\t<div class=\"elementor-testimonial__footer\">\n\t\t\t\t\t\t\t\t<cite class=\"elementor-testimonial__cite\"><span class=\"elementor-testimonial__name\">Isa Allamargot<\/span><span class=\"elementor-testimonial__title\">Estepona<\/span><\/cite>\t\t\t<\/div>\n\t\t<\/div>\n\t\t\t\t\t\t\t\t<\/div>\n\t\t\t\t\t\t\t\t\t\t\t<div class=\"swiper-slide\" role=\"group\" aria-roledescription=\"slide\">\n\t\t\t\t\t\t\t\t\t<div class=\"elementor-testimonial\">\n\t\t\t\t\t\t\t<div class=\"elementor-testimonial__content\">\n\t\t\t\t\t<div class=\"elementor-testimonial__text\">\n\t\t\t\t\t\t<p>Le service et le traitement ont \u00e9t\u00e9 excellents. L\u2019\u00e9quipe est tr\u00e8s professionnelle et toujours disponible.<br \/>\n\u00c0 mon avis, c\u2019est l\u2019une des meilleures agences de la r\u00e9gion.<br \/>\nJe remercie encore Zap Holiday pour tout et je les recommande sans h\u00e9siter. <\/p>\n\t\t\t\t\t<\/div>\n\t\t\t\t\t\t\t\t\t<\/div>\n\t\t\t\t\t\t<div class=\"elementor-testimonial__footer\">\n\t\t\t\t\t\t\t\t<cite class=\"elementor-testimonial__cite\"><span class=\"elementor-testimonial__name\">Catherine Davignon<\/span><span class=\"elementor-testimonial__title\">Estepona<\/span><\/cite>\t\t\t<\/div>\n\t\t<\/div>\n\t\t\t\t\t\t\t\t<\/div>\n\t\t\t\t\t\t\t\t\t<\/div>\n\t\t\t\t\t\t\t\t\t\t\t\t\t\t\t<div class=\"elementor-swiper-button elementor-swiper-button-prev\" role=\"button\" tabindex=\"0\" aria-label=\"Previous\">\n\t\t\t\t\t\t\t<svg aria-hidden=\"true\" class=\"e-font-icon-svg e-eicon-chevron-left\" viewBox=\"0 0 1000 1000\" xmlns=\"http:\/\/www.w3.org\/2000\/svg\"><path d=\"M646 125C629 125 613 133 604 142L308 442C296 454 292 471 292 487 292 504 296 521 308 533L604 854C617 867 629 875 646 875 663 875 679 871 692 858 704 846 713 829 713 812 713 796 708 779 692 767L438 487 692 225C700 217 708 204 708 187 708 171 704 154 692 142 675 129 663 125 646 125Z\"><\/path><\/svg>\t\t\t\t\t\t<\/div>\n\t\t\t\t\t\t<div class=\"elementor-swiper-button elementor-swiper-button-next\" role=\"button\" tabindex=\"0\" aria-label=\"Next\">\n\t\t\t\t\t\t\t<svg aria-hidden=\"true\" class=\"e-font-icon-svg e-eicon-chevron-right\" viewBox=\"0 0 1000 1000\" xmlns=\"http:\/\/www.w3.org\/2000\/svg\"><path d=\"M696 533C708 521 713 504 713 487 713 471 708 454 696 446L400 146C388 133 375 125 354 125 338 125 325 129 313 142 300 154 292 171 292 187 292 204 296 221 308 233L563 492 304 771C292 783 288 800 288 817 288 833 296 850 308 863 321 871 338 875 354 875 371 875 388 867 400 854L696 533Z\"><\/path><\/svg>\t\t\t\t\t\t<\/div>\n\t\t\t\t\t\t\t\t\t\t\t\t\t\t\t\t<div class=\"swiper-pagination\"><\/div>\n\t\t\t\t\t\t\t\t\t\t\t\t<\/div>\n\t\t\t\t<\/div>\n\t\t\t\t\t\t\t\t<\/div>\n\t\t\t\t<\/div>\n\t\t\t\t\t<\/div>\n\t\t\t\t<\/div>\n\t\t<div class=\"elementor-element elementor-element-267ba4f8 e-flex e-con-boxed e-con e-parent\" data-id=\"267ba4f8\" data-element_type=\"container\" data-e-type=\"container\" data-settings=\"{&quot;background_background&quot;:&quot;classic&quot;}\">\n\t\t\t\t\t<div class=\"e-con-inner\">\n\t\t\t\t<div class=\"elementor-element elementor-element-f472125 elementor-widget elementor-widget-heading\" data-id=\"f472125\" data-element_type=\"widget\" data-e-type=\"widget\" data-widget_type=\"heading.default\">\n\t\t\t\t<div class=\"elementor-widget-container\">\n\t\t\t\t\t<h2 class=\"elementor-heading-title elementor-size-default\">FAQ - Partir en vacances \u00e0 Estepona <\/h2>\t\t\t\t<\/div>\n\t\t\t\t<\/div>\n\t\t\t\t<div class=\"elementor-element elementor-element-38852434 elementor-widget-divider--view-line elementor-widget elementor-widget-divider\" data-id=\"38852434\" data-element_type=\"widget\" data-e-type=\"widget\" data-widget_type=\"divider.default\">\n\t\t\t\t<div class=\"elementor-widget-container\">\n\t\t\t\t\t\t\t<div class=\"elementor-divider\">\n\t\t\t<span class=\"elementor-divider-separator\">\n\t\t\t\t\t\t<\/span>\n\t\t<\/div>\n\t\t\t\t\t\t<\/div>\n\t\t\t\t<\/div>\n\t\t\t\t\t<\/div>\n\t\t\t\t<\/div>\n\t\t<div class=\"elementor-element elementor-element-7f9cfea7 e-flex e-con-boxed e-con e-parent\" data-id=\"7f9cfea7\" data-element_type=\"container\" data-e-type=\"container\" data-settings=\"{&quot;background_background&quot;:&quot;classic&quot;}\">\n\t\t\t\t\t<div class=\"e-con-inner\">\n\t\t\t\t<div class=\"elementor-element elementor-element-67126d12 elementor-widget__width-inherit elementor-widget elementor-widget-toggle\" data-id=\"67126d12\" data-element_type=\"widget\" data-e-type=\"widget\" data-widget_type=\"toggle.default\">\n\t\t\t\t<div class=\"elementor-widget-container\">\n\t\t\t\t\t\t\t<div class=\"elementor-toggle\">\n\t\t\t\t\t\t\t<div class=\"elementor-toggle-item\">\n\t\t\t\t\t<h3 id=\"elementor-tab-title-1721\" class=\"elementor-tab-title\" data-tab=\"1\" role=\"button\" aria-controls=\"elementor-tab-content-1721\" aria-expanded=\"false\">\n\t\t\t\t\t\t\t\t\t\t\t\t<span class=\"elementor-toggle-icon elementor-toggle-icon-right\" aria-hidden=\"true\">\n\t\t\t\t\t\t\t\t\t\t\t\t\t\t\t<span class=\"elementor-toggle-icon-closed\"><svg class=\"e-font-icon-svg e-fas-plus\" viewBox=\"0 0 448 512\" xmlns=\"http:\/\/www.w3.org\/2000\/svg\"><path d=\"M416 208H272V64c0-17.67-14.33-32-32-32h-32c-17.67 0-32 14.33-32 32v144H32c-17.67 0-32 14.33-32 32v32c0 17.67 14.33 32 32 32h144v144c0 17.67 14.33 32 32 32h32c17.67 0 32-14.33 32-32V304h144c17.67 0 32-14.33 32-32v-32c0-17.67-14.33-32-32-32z\"><\/path><\/svg><\/span>\n\t\t\t\t\t\t\t\t<span class=\"elementor-toggle-icon-opened\"><svg class=\"elementor-toggle-icon-opened e-font-icon-svg e-fas-minus\" viewBox=\"0 0 448 512\" xmlns=\"http:\/\/www.w3.org\/2000\/svg\"><path d=\"M416 208H32c-17.67 0-32 14.33-32 32v32c0 17.67 14.33 32 32 32h384c17.67 0 32-14.33 32-32v-32c0-17.67-14.33-32-32-32z\"><\/path><\/svg><\/span>\n\t\t\t\t\t\t\t\t\t\t\t\t\t<\/span>\n\t\t\t\t\t\t\t\t\t\t\t\t<a class=\"elementor-toggle-title\" tabindex=\"0\">Comment aller \u00e0 Estepona ?<\/a>\n\t\t\t\t\t<\/h3>\n\n\t\t\t\t\t<div id=\"elementor-tab-content-1721\" class=\"elementor-tab-content elementor-clearfix\" data-tab=\"1\" role=\"region\" aria-labelledby=\"elementor-tab-title-1721\"><p>Vous pouvez facilement rejoindre Estepona depuis plusieurs a\u00e9roports proches, le plus proche \u00e9tant l&#8217;a\u00e9roport de M\u00e1laga (AGP), \u00e0 environ 80 km. De l\u00e0, vous pouvez prendre une voiture de location, un taxi ou un bus direct. Il est \u00e9galement possible de venir depuis l&#8217;a\u00e9roport de Gibraltar, \u00e0 environ 45 km. L&#8217;autoroute AP-7 et la route N-340 relient tr\u00e8s bien Estepona au reste de la Costa del Sol.   <\/p>\n<\/div>\n\t\t\t\t<\/div>\n\t\t\t\t\t\t\t<div class=\"elementor-toggle-item\">\n\t\t\t\t\t<h3 id=\"elementor-tab-title-1722\" class=\"elementor-tab-title\" data-tab=\"2\" role=\"button\" aria-controls=\"elementor-tab-content-1722\" aria-expanded=\"false\">\n\t\t\t\t\t\t\t\t\t\t\t\t<span class=\"elementor-toggle-icon elementor-toggle-icon-right\" aria-hidden=\"true\">\n\t\t\t\t\t\t\t\t\t\t\t\t\t\t\t<span class=\"elementor-toggle-icon-closed\"><svg class=\"e-font-icon-svg e-fas-plus\" viewBox=\"0 0 448 512\" xmlns=\"http:\/\/www.w3.org\/2000\/svg\"><path d=\"M416 208H272V64c0-17.67-14.33-32-32-32h-32c-17.67 0-32 14.33-32 32v144H32c-17.67 0-32 14.33-32 32v32c0 17.67 14.33 32 32 32h144v144c0 17.67 14.33 32 32 32h32c17.67 0 32-14.33 32-32V304h144c17.67 0 32-14.33 32-32v-32c0-17.67-14.33-32-32-32z\"><\/path><\/svg><\/span>\n\t\t\t\t\t\t\t\t<span class=\"elementor-toggle-icon-opened\"><svg class=\"elementor-toggle-icon-opened e-font-icon-svg e-fas-minus\" viewBox=\"0 0 448 512\" xmlns=\"http:\/\/www.w3.org\/2000\/svg\"><path d=\"M416 208H32c-17.67 0-32 14.33-32 32v32c0 17.67 14.33 32 32 32h384c17.67 0 32-14.33 32-32v-32c0-17.67-14.33-32-32-32z\"><\/path><\/svg><\/span>\n\t\t\t\t\t\t\t\t\t\t\t\t\t<\/span>\n\t\t\t\t\t\t\t\t\t\t\t\t<a class=\"elementor-toggle-title\" tabindex=\"0\">Quelle est la distance entre Estepona et M\u00e1laga ?<\/a>\n\t\t\t\t\t<\/h3>\n\n\t\t\t\t\t<div id=\"elementor-tab-content-1722\" class=\"elementor-tab-content elementor-clearfix\" data-tab=\"2\" role=\"region\" aria-labelledby=\"elementor-tab-title-1722\"><p>La distance entre Estepona et M\u00e1laga est d&#8217;environ 85 kilom\u00e8tres, ce qui \u00e9quivaut \u00e0 environ 60 \u00e0 70 minutes en voiture, selon la circulation. Il existe de bonnes liaisons par la route et les transports en commun. <\/p>\n<\/div>\n\t\t\t\t<\/div>\n\t\t\t\t\t\t\t<div class=\"elementor-toggle-item\">\n\t\t\t\t\t<h3 id=\"elementor-tab-title-1723\" class=\"elementor-tab-title\" data-tab=\"3\" role=\"button\" aria-controls=\"elementor-tab-content-1723\" aria-expanded=\"false\">\n\t\t\t\t\t\t\t\t\t\t\t\t<span class=\"elementor-toggle-icon elementor-toggle-icon-right\" aria-hidden=\"true\">\n\t\t\t\t\t\t\t\t\t\t\t\t\t\t\t<span class=\"elementor-toggle-icon-closed\"><svg class=\"e-font-icon-svg e-fas-plus\" viewBox=\"0 0 448 512\" xmlns=\"http:\/\/www.w3.org\/2000\/svg\"><path d=\"M416 208H272V64c0-17.67-14.33-32-32-32h-32c-17.67 0-32 14.33-32 32v144H32c-17.67 0-32 14.33-32 32v32c0 17.67 14.33 32 32 32h144v144c0 17.67 14.33 32 32 32h32c17.67 0 32-14.33 32-32V304h144c17.67 0 32-14.33 32-32v-32c0-17.67-14.33-32-32-32z\"><\/path><\/svg><\/span>\n\t\t\t\t\t\t\t\t<span class=\"elementor-toggle-icon-opened\"><svg class=\"elementor-toggle-icon-opened e-font-icon-svg e-fas-minus\" viewBox=\"0 0 448 512\" xmlns=\"http:\/\/www.w3.org\/2000\/svg\"><path d=\"M416 208H32c-17.67 0-32 14.33-32 32v32c0 17.67 14.33 32 32 32h384c17.67 0 32-14.33 32-32v-32c0-17.67-14.33-32-32-32z\"><\/path><\/svg><\/span>\n\t\t\t\t\t\t\t\t\t\t\t\t\t<\/span>\n\t\t\t\t\t\t\t\t\t\t\t\t<a class=\"elementor-toggle-title\" tabindex=\"0\">Quel est le prix moyen d'une nuit \u00e0 Estepona ?<\/a>\n\t\t\t\t\t<\/h3>\n\n\t\t\t\t\t<div id=\"elementor-tab-content-1723\" class=\"elementor-tab-content elementor-clearfix\" data-tab=\"3\" role=\"region\" aria-labelledby=\"elementor-tab-title-1723\"><p>Nos locations de vacances les moins ch\u00e8res \u00e0 Estepona sont disponibles \u00e0 partir de 55 \u20ac\/nuit. Vous trouverez \u00e9galement d&#8217;autres options plus luxueuses et confortables. <\/p>\n<\/div>\n\t\t\t\t<\/div>\n\t\t\t\t\t\t\t<div class=\"elementor-toggle-item\">\n\t\t\t\t\t<h3 id=\"elementor-tab-title-1724\" class=\"elementor-tab-title\" data-tab=\"4\" role=\"button\" aria-controls=\"elementor-tab-content-1724\" aria-expanded=\"false\">\n\t\t\t\t\t\t\t\t\t\t\t\t<span class=\"elementor-toggle-icon elementor-toggle-icon-right\" aria-hidden=\"true\">\n\t\t\t\t\t\t\t\t\t\t\t\t\t\t\t<span class=\"elementor-toggle-icon-closed\"><svg class=\"e-font-icon-svg e-fas-plus\" viewBox=\"0 0 448 512\" xmlns=\"http:\/\/www.w3.org\/2000\/svg\"><path d=\"M416 208H272V64c0-17.67-14.33-32-32-32h-32c-17.67 0-32 14.33-32 32v144H32c-17.67 0-32 14.33-32 32v32c0 17.67 14.33 32 32 32h144v144c0 17.67 14.33 32 32 32h32c17.67 0 32-14.33 32-32V304h144c17.67 0 32-14.33 32-32v-32c0-17.67-14.33-32-32-32z\"><\/path><\/svg><\/span>\n\t\t\t\t\t\t\t\t<span class=\"elementor-toggle-icon-opened\"><svg class=\"elementor-toggle-icon-opened e-font-icon-svg e-fas-minus\" viewBox=\"0 0 448 512\" xmlns=\"http:\/\/www.w3.org\/2000\/svg\"><path d=\"M416 208H32c-17.67 0-32 14.33-32 32v32c0 17.67 14.33 32 32 32h384c17.67 0 32-14.33 32-32v-32c0-17.67-14.33-32-32-32z\"><\/path><\/svg><\/span>\n\t\t\t\t\t\t\t\t\t\t\t\t\t<\/span>\n\t\t\t\t\t\t\t\t\t\t\t\t<a class=\"elementor-toggle-title\" tabindex=\"0\">Quelle est la meilleure plage d'Estepona ?<\/a>\n\t\t\t\t\t<\/h3>\n\n\t\t\t\t\t<div id=\"elementor-tab-content-1724\" class=\"elementor-tab-content elementor-clearfix\" data-tab=\"4\" role=\"region\" aria-labelledby=\"elementor-tab-title-1724\"><p>L&#8217;une des plages les plus populaires d&#8217;Estepona est la Playa de la Rada, situ\u00e9e \u00e0 c\u00f4t\u00e9 du centre urbain, avec un drapeau bleu, des services complets et des chiringuitos. La Playa del Cristo est \u00e9galement remarquable, id\u00e9ale pour les familles en raison de ses eaux calmes et peu profondes. Les deux sont parfaites pour profiter du soleil et de la mer dans un environnement propre et s\u00fbr.  <\/p>\n<\/div>\n\t\t\t\t<\/div>\n\t\t\t\t\t\t\t\t\t\t<script type=\"application\/ld+json\">{\"@context\":\"https:\\\/\\\/schema.org\",\"@type\":\"FAQPage\",\"mainEntity\":[{\"@type\":\"Question\",\"name\":\"Comment aller \\u00e0 Estepona ?\",\"acceptedAnswer\":{\"@type\":\"Answer\",\"text\":\"<p>Vous pouvez facilement rejoindre Estepona depuis plusieurs a\\u00e9roports proches, le plus proche \\u00e9tant l&#8217;a\\u00e9roport de M\\u00e1laga (AGP), \\u00e0 environ 80 km. De l\\u00e0, vous pouvez prendre une voiture de location, un taxi ou un bus direct. Il est \\u00e9galement possible de venir depuis l&#8217;a\\u00e9roport de Gibraltar, \\u00e0 environ 45 km. L&#8217;autoroute AP-7 et la route N-340 relient tr\\u00e8s bien Estepona au reste de la Costa del Sol.   <\\\/p>\\n\"}},{\"@type\":\"Question\",\"name\":\"Quelle est la distance entre Estepona et M\\u00e1laga ?\",\"acceptedAnswer\":{\"@type\":\"Answer\",\"text\":\"<p>La distance entre Estepona et M\\u00e1laga est d&#8217;environ 85 kilom\\u00e8tres, ce qui \\u00e9quivaut \\u00e0 environ 60 \\u00e0 70 minutes en voiture, selon la circulation. Il existe de bonnes liaisons par la route et les transports en commun. <\\\/p>\\n\"}},{\"@type\":\"Question\",\"name\":\"Quel est le prix moyen d'une nuit \\u00e0 Estepona ?\",\"acceptedAnswer\":{\"@type\":\"Answer\",\"text\":\"<p>Nos locations de vacances les moins ch\\u00e8res \\u00e0 Estepona sont disponibles \\u00e0 partir de 55 \\u20ac\\\/nuit. Vous trouverez \\u00e9galement d&#8217;autres options plus luxueuses et confortables. <\\\/p>\\n\"}},{\"@type\":\"Question\",\"name\":\"Quelle est la meilleure plage d'Estepona ?\",\"acceptedAnswer\":{\"@type\":\"Answer\",\"text\":\"<p>L&#8217;une des plages les plus populaires d&#8217;Estepona est la Playa de la Rada, situ\\u00e9e \\u00e0 c\\u00f4t\\u00e9 du centre urbain, avec un drapeau bleu, des services complets et des chiringuitos. La Playa del Cristo est \\u00e9galement remarquable, id\\u00e9ale pour les familles en raison de ses eaux calmes et peu profondes. Les deux sont parfaites pour profiter du soleil et de la mer dans un environnement propre et s\\u00fbr.  <\\\/p>\\n\"}}]}<\/script>\n\t\t\t\t\t<\/div>\n\t\t\t\t\t\t<\/div>\n\t\t\t\t<\/div>\n\t\t\t\t\t<\/div>\n\t\t\t\t<\/div>\n\t\t<div class=\"elementor-element elementor-element-26b37a43 e-flex e-con-boxed e-con e-parent\" data-id=\"26b37a43\" data-element_type=\"container\" data-e-type=\"container\">\n\t\t\t\t\t<div class=\"e-con-inner\">\n\t\t\t\t<div class=\"elementor-element elementor-element-67ebac6a elementor-widget elementor-widget-template\" data-id=\"67ebac6a\" data-element_type=\"widget\" data-e-type=\"widget\" data-widget_type=\"template.default\">\n\t\t\t\t<div class=\"elementor-widget-container\">\n\t\t\t\t\t\t\t<div class=\"elementor-template\">\n\t\t\t\t\t<div data-elementor-type=\"page\" data-elementor-id=\"3400\" class=\"elementor elementor-3400\" data-elementor-post-type=\"elementor_library\">\n\t\t\t\t<div class=\"elementor-element elementor-element-b57623f e-flex e-con-boxed e-con e-parent\" data-id=\"b57623f\" data-element_type=\"container\" data-e-type=\"container\">\n\t\t\t\t\t<div class=\"e-con-inner\">\n\t\t\t\t<div class=\"elementor-element elementor-element-58aaf11 elementor-widget elementor-widget-heading\" data-id=\"58aaf11\" data-element_type=\"widget\" data-e-type=\"widget\" data-widget_type=\"heading.default\">\n\t\t\t\t<div class=\"elementor-widget-container\">\n\t\t\t\t\t<h2 class=\"elementor-heading-title elementor-size-default\">Destinations \u00e0 d\u00e9couvrir<\/h2>\t\t\t\t<\/div>\n\t\t\t\t<\/div>\n\t\t\t\t<div class=\"elementor-element elementor-element-78d30a8 elementor-widget-divider--view-line elementor-widget elementor-widget-divider\" data-id=\"78d30a8\" data-element_type=\"widget\" data-e-type=\"widget\" data-widget_type=\"divider.default\">\n\t\t\t\t<div class=\"elementor-widget-container\">\n\t\t\t\t\t\t\t<div class=\"elementor-divider\">\n\t\t\t<span class=\"elementor-divider-separator\">\n\t\t\t\t\t\t<\/span>\n\t\t<\/div>\n\t\t\t\t\t\t<\/div>\n\t\t\t\t<\/div>\n\t\t\t\t\t<\/div>\n\t\t\t\t<\/div>\n\t\t<div class=\"elementor-element elementor-element-75e78c3 e-flex e-con-boxed e-con e-parent\" data-id=\"75e78c3\" data-element_type=\"container\" data-e-type=\"container\">\n\t\t\t\t\t<div class=\"e-con-inner\">\n\t\t\t\t<div class=\"elementor-element elementor-element-0d1e02f e-n-tabs-mobile elementor-widget elementor-widget-n-tabs\" data-id=\"0d1e02f\" data-element_type=\"widget\" data-e-type=\"widget\" data-settings=\"{&quot;tabs_justify_horizontal&quot;:&quot;center&quot;,&quot;horizontal_scroll&quot;:&quot;disable&quot;}\" data-widget_type=\"nested-tabs.default\">\n\t\t\t\t<div class=\"elementor-widget-container\">\n\t\t\t\t\t\t\t<div class=\"e-n-tabs\" data-widget-number=\"13754415\" aria-label=\"Tabs. Open items with Enter or Space, close with Escape and navigate using the Arrow keys.\">\n\t\t\t<div class=\"e-n-tabs-heading\" role=\"tablist\">\n\t\t\t\t\t<button id=\"e-n-tab-title-137544151\" data-tab-title-id=\"e-n-tab-title-137544151\" class=\"e-n-tab-title\" aria-selected=\"true\" data-tab-index=\"1\" role=\"tab\" tabindex=\"0\" aria-controls=\"e-n-tab-content-137544151\" style=\"--n-tabs-title-order: 1;\">\n\t\t\t\t\t\t<span class=\"e-n-tab-title-text\">\n\t\t\t\tCosta del Sol\t\t\t<\/span>\n\t\t<\/button>\n\t\t\t\t<button id=\"e-n-tab-title-137544152\" data-tab-title-id=\"e-n-tab-title-137544152\" class=\"e-n-tab-title\" aria-selected=\"false\" data-tab-index=\"2\" role=\"tab\" tabindex=\"-1\" aria-controls=\"e-n-tab-content-137544152\" style=\"--n-tabs-title-order: 2;\">\n\t\t\t\t\t\t<span class=\"e-n-tab-title-text\">\n\t\t\t\tCosta Blanca\t\t\t<\/span>\n\t\t<\/button>\n\t\t\t\t\t<\/div>\n\t\t\t<div class=\"e-n-tabs-content\">\n\t\t\t\t<div id=\"e-n-tab-content-137544151\" role=\"tabpanel\" aria-labelledby=\"e-n-tab-title-137544151\" data-tab-index=\"1\" style=\"--n-tabs-title-order: 1;\" class=\"e-active elementor-element elementor-element-2e9c0ea e-con-full e-flex e-con e-child\" data-id=\"2e9c0ea\" data-element_type=\"container\" data-e-type=\"container\">\n\t\t<div class=\"elementor-element elementor-element-955a866 e-con-full e-flex e-con e-child\" data-id=\"955a866\" data-element_type=\"container\" data-e-type=\"container\">\n\t\t\t\t<div class=\"elementor-element elementor-element-30f750f elementor-widget elementor-widget-text-editor\" data-id=\"30f750f\" data-element_type=\"widget\" data-e-type=\"widget\" data-widget_type=\"text-editor.default\">\n\t\t\t\t<div class=\"elementor-widget-container\">\n\t\t\t\t\t\t\t\t\t<p><strong>Costa del Sol<\/strong><\/p><p><a href=\"https:\/\/www.zapholiday.eu\/locations-vacances-costa-del-sol\/\">Locations de vacances<\/a><\/p>\t\t\t\t\t\t\t\t<\/div>\n\t\t\t\t<\/div>\n\t\t\t\t<div class=\"elementor-element elementor-element-233a6a0 elementor-widget elementor-widget-text-editor\" data-id=\"233a6a0\" data-element_type=\"widget\" data-e-type=\"widget\" data-widget_type=\"text-editor.default\">\n\t\t\t\t<div class=\"elementor-widget-container\">\n\t\t\t\t\t\t\t\t\t<p><strong>Casares<\/strong><\/p><p><a href=\"https:\/\/www.zapholiday.eu\/blog\/appartements-casares-espagne\/\">Appartements<\/a><\/p>\t\t\t\t\t\t\t\t<\/div>\n\t\t\t\t<\/div>\n\t\t\t\t<\/div>\n\t\t<div class=\"elementor-element elementor-element-bf375a2 e-con-full e-flex e-con e-child\" data-id=\"bf375a2\" data-element_type=\"container\" data-e-type=\"container\">\n\t\t\t\t<div class=\"elementor-element elementor-element-16eeeef elementor-widget elementor-widget-text-editor\" data-id=\"16eeeef\" data-element_type=\"widget\" data-e-type=\"widget\" data-widget_type=\"text-editor.default\">\n\t\t\t\t<div class=\"elementor-widget-container\">\n\t\t\t\t\t\t\t\t\t<p><strong>Costa del Sol<\/strong><\/p><p><a href=\"https:\/\/www.zapholiday.eu\/appartements-vacances-costa-del-sol\/\">Appartements<\/a><\/p>\t\t\t\t\t\t\t\t<\/div>\n\t\t\t\t<\/div>\n\t\t\t\t<div class=\"elementor-element elementor-element-b08a25b elementor-widget elementor-widget-text-editor\" data-id=\"b08a25b\" data-element_type=\"widget\" data-e-type=\"widget\" data-widget_type=\"text-editor.default\">\n\t\t\t\t<div class=\"elementor-widget-container\">\n\t\t\t\t\t\t\t\t\t<p><strong>La Alcaidesa<\/strong><\/p><p><a href=\"https:\/\/www.zapholiday.eu\/blog\/location-vacances-la-alcaidesa\/\">Locations de vacances<\/a><\/p>\t\t\t\t\t\t\t\t<\/div>\n\t\t\t\t<\/div>\n\t\t\t\t<\/div>\n\t\t<div class=\"elementor-element elementor-element-de1577e e-con-full e-flex e-con e-child\" data-id=\"de1577e\" data-element_type=\"container\" data-e-type=\"container\">\n\t\t\t\t<div class=\"elementor-element elementor-element-b924374 elementor-widget elementor-widget-text-editor\" data-id=\"b924374\" data-element_type=\"widget\" data-e-type=\"widget\" data-widget_type=\"text-editor.default\">\n\t\t\t\t<div class=\"elementor-widget-container\">\n\t\t\t\t\t\t\t\t\t<p><strong>Manilva<\/strong><\/p><p><a href=\"https:\/\/www.zapholiday.eu\/blog\/location-vacances-manilva\/\">Locations de vacances<\/a><\/p>\t\t\t\t\t\t\t\t<\/div>\n\t\t\t\t<\/div>\n\t\t\t\t<div class=\"elementor-element elementor-element-67bff26 elementor-widget elementor-widget-text-editor\" data-id=\"67bff26\" data-element_type=\"widget\" data-e-type=\"widget\" data-widget_type=\"text-editor.default\">\n\t\t\t\t<div class=\"elementor-widget-container\">\n\t\t\t\t\t\t\t\t\t<p><strong>La Alcaidesa<\/strong><\/p><p><a href=\"https:\/\/www.zapholiday.eu\/blog\/appartements-vacances-la-alcaidesa-espagne\/\">Appartements<\/a><\/p>\t\t\t\t\t\t\t\t<\/div>\n\t\t\t\t<\/div>\n\t\t\t\t<\/div>\n\t\t<div class=\"elementor-element elementor-element-ff92c33 e-con-full e-flex e-con e-child\" data-id=\"ff92c33\" data-element_type=\"container\" data-e-type=\"container\">\n\t\t\t\t<div class=\"elementor-element elementor-element-1a876a3 elementor-widget elementor-widget-text-editor\" data-id=\"1a876a3\" data-element_type=\"widget\" data-e-type=\"widget\" data-widget_type=\"text-editor.default\">\n\t\t\t\t<div class=\"elementor-widget-container\">\n\t\t\t\t\t\t\t\t\t<p><strong>Manilva<\/strong><\/p><p><a href=\"https:\/\/www.zapholiday.eu\/blog\/appartements-manilva-espagne\/\">Appartements<\/a><\/p>\t\t\t\t\t\t\t\t<\/div>\n\t\t\t\t<\/div>\n\t\t\t\t<div class=\"elementor-element elementor-element-facdbbe elementor-widget elementor-widget-text-editor\" data-id=\"facdbbe\" data-element_type=\"widget\" data-e-type=\"widget\" data-widget_type=\"text-editor.default\">\n\t\t\t\t<div class=\"elementor-widget-container\">\n\t\t\t\t\t\t\t\t\t<p><strong>Estepona<\/strong><\/p><p><a href=\"https:\/\/www.zapholiday.eu\/blog\/location-vacances-estepona\/\">Locations de vacances<\/a><\/p>\t\t\t\t\t\t\t\t<\/div>\n\t\t\t\t<\/div>\n\t\t\t\t<\/div>\n\t\t<div class=\"elementor-element elementor-element-a32f9b5 e-con-full e-flex e-con e-child\" data-id=\"a32f9b5\" data-element_type=\"container\" data-e-type=\"container\">\n\t\t\t\t<div class=\"elementor-element elementor-element-8c7d58e elementor-widget elementor-widget-text-editor\" data-id=\"8c7d58e\" data-element_type=\"widget\" data-e-type=\"widget\" data-widget_type=\"text-editor.default\">\n\t\t\t\t<div class=\"elementor-widget-container\">\n\t\t\t\t\t\t\t\t\t<p><strong>Casares<\/strong><\/p><p><a href=\"https:\/\/www.zapholiday.eu\/blog\/location-vacances-casares\/\">Locations de vacances<\/a><\/p>\t\t\t\t\t\t\t\t<\/div>\n\t\t\t\t<\/div>\n\t\t\t\t<div class=\"elementor-element elementor-element-a499994 elementor-widget elementor-widget-text-editor\" data-id=\"a499994\" data-element_type=\"widget\" data-e-type=\"widget\" data-widget_type=\"text-editor.default\">\n\t\t\t\t<div class=\"elementor-widget-container\">\n\t\t\t\t\t\t\t\t\t<p><strong>San Roque<\/strong><\/p><p><a href=\"https:\/\/www.zapholiday.eu\/blog\/location-vacances-san-roque\/\">Locations de vacances<\/a><\/p>\t\t\t\t\t\t\t\t<\/div>\n\t\t\t\t<\/div>\n\t\t\t\t<\/div>\n\t\t\t\t<\/div>\n\t\t<div id=\"e-n-tab-content-137544152\" role=\"tabpanel\" aria-labelledby=\"e-n-tab-title-137544152\" data-tab-index=\"2\" style=\"--n-tabs-title-order: 2;\" class=\" elementor-element elementor-element-347652a e-con-full e-flex e-con e-child\" data-id=\"347652a\" data-element_type=\"container\" data-e-type=\"container\">\n\t\t<div class=\"elementor-element elementor-element-32f7ab3 e-con-full e-flex e-con e-child\" data-id=\"32f7ab3\" data-element_type=\"container\" data-e-type=\"container\">\n\t\t\t\t<div class=\"elementor-element elementor-element-fb0227f elementor-widget elementor-widget-text-editor\" data-id=\"fb0227f\" data-element_type=\"widget\" data-e-type=\"widget\" data-widget_type=\"text-editor.default\">\n\t\t\t\t<div class=\"elementor-widget-container\">\n\t\t\t\t\t\t\t\t\t<p><strong>Costa Blanca<\/strong><\/p><p><a href=\"https:\/\/www.zapholiday.eu\/location-vacances-costa-blanca\/\">Locations de vacances<\/a><\/p>\t\t\t\t\t\t\t\t<\/div>\n\t\t\t\t<\/div>\n\t\t\t\t<\/div>\n\t\t<div class=\"elementor-element elementor-element-9a78024 e-con-full e-flex e-con e-child\" data-id=\"9a78024\" data-element_type=\"container\" data-e-type=\"container\">\n\t\t\t\t<div class=\"elementor-element elementor-element-4bd0630 elementor-widget elementor-widget-text-editor\" data-id=\"4bd0630\" data-element_type=\"widget\" data-e-type=\"widget\" data-widget_type=\"text-editor.default\">\n\t\t\t\t<div class=\"elementor-widget-container\">\n\t\t\t\t\t\t\t\t\t<p><strong>Costa Blanca<\/strong><\/p><p><a href=\"https:\/\/www.zapholiday.eu\/appartements-vacances-costa-blanca\/\">Appartements<\/a><\/p>\t\t\t\t\t\t\t\t<\/div>\n\t\t\t\t<\/div>\n\t\t\t\t<\/div>\n\t\t<div class=\"elementor-element elementor-element-4a052b0 e-con-full e-flex e-con e-child\" data-id=\"4a052b0\" data-element_type=\"container\" data-e-type=\"container\">\n\t\t\t\t<div class=\"elementor-element elementor-element-9f55345 elementor-widget elementor-widget-text-editor\" data-id=\"9f55345\" data-element_type=\"widget\" data-e-type=\"widget\" data-widget_type=\"text-editor.default\">\n\t\t\t\t<div class=\"elementor-widget-container\">\n\t\t\t\t\t\t\t\t\t<p><strong>Orihuela Costa<\/strong><\/p><p><a href=\"https:\/\/www.zapholiday.eu\/blog\/location-vacances-orihuela-costa\/\">Locations de vacances<\/a><\/p>\t\t\t\t\t\t\t\t<\/div>\n\t\t\t\t<\/div>\n\t\t\t\t<\/div>\n\t\t<div class=\"elementor-element elementor-element-768e454 e-con-full e-flex e-con e-child\" data-id=\"768e454\" data-element_type=\"container\" data-e-type=\"container\">\n\t\t\t\t<div class=\"elementor-element elementor-element-d56d94d elementor-widget elementor-widget-text-editor\" data-id=\"d56d94d\" data-element_type=\"widget\" data-e-type=\"widget\" data-widget_type=\"text-editor.default\">\n\t\t\t\t<div class=\"elementor-widget-container\">\n\t\t\t\t\t\t\t\t\t<p><strong>Orihuela Costa<\/strong><\/p><p><a href=\"https:\/\/www.zapholiday.eu\/blog\/appartements-orihuela-costa-espagne\/\">Appartements<\/a><\/p>\t\t\t\t\t\t\t\t<\/div>\n\t\t\t\t<\/div>\n\t\t\t\t<\/div>\n\t\t<div class=\"elementor-element elementor-element-632c9bb e-con-full e-flex e-con e-child\" data-id=\"632c9bb\" data-element_type=\"container\" data-e-type=\"container\">\n\t\t\t\t<\/div>\n\t\t\t\t<\/div>\n\t\t\t\t\t<\/div>\n\t\t<\/div>\n\t\t\t\t\t\t<\/div>\n\t\t\t\t<\/div>\n\t\t\t\t\t<\/div>\n\t\t\t\t<\/div>\n\t\t\t\t<\/div>\n\t\t\t\t<\/div>\n\t\t\t\t\t\t<\/div>\n\t\t\t\t<\/div>\n\t\t\t\t\t<\/div>\n\t\t\t\t<\/div>\n\t\t\t\t<\/div>\n\t\t","protected":false},"excerpt":{"rendered":"<p>Location de vacances \u00e0 Estepona en Espagne Nature, mer et tranquillit\u00e9 Notre s\u00e9lection de locations de vacances \u00e0 Estepona Estepona &#8211; Dpt. Malaga R\u00e9f: 2060 \u00c0 partir de 55.00\u20ac par nuit Estepona &#8211; Dpt. Malaga R\u00e9f: 2051 \u00c0 partir de 55.00\u20ac par nuit Estepona &#8211; Dpt. Malaga R\u00e9f: 2256 \u00c0 partir de 80.00\u20ac par nuit [&hellip;]<\/p>\n","protected":false},"author":2,"featured_media":3933,"comment_status":"open","ping_status":"open","sticky":false,"template":"","format":"standard","meta":{"footnotes":""},"categories":[61],"tags":[],"class_list":["post-3962","post","type-post","status-publish","format-standard","has-post-thumbnail","hentry","category-location-de-vacances"],"yoast_head":"<!-- This site is optimized with the Yoast SEO plugin v26.9 - https:\/\/yoast.com\/product\/yoast-seo-wordpress\/ -->\n<title>Location de vacances \u00e0 Estepona | Zapholiday<\/title>\n<meta name=\"description\" content=\"R\u00e9servez votre location de vacances \u00e0 Estepona avec Zapholiday. Id\u00e9al pour les familles, pr\u00e8s de la mer, avec piscine et tout le confort.\" \/>\n<meta name=\"robots\" content=\"index, follow, max-snippet:-1, max-image-preview:large, max-video-preview:-1\" \/>\n<link rel=\"canonical\" href=\"https:\/\/www.zapholiday.eu\/blog\/location-vacances-estepona\/\" \/>\n<meta property=\"og:locale\" content=\"fr_FR\" \/>\n<meta property=\"og:type\" content=\"article\" \/>\n<meta property=\"og:title\" content=\"Location de vacances \u00e0 Estepona | Zapholiday\" \/>\n<meta property=\"og:description\" content=\"R\u00e9servez votre location de vacances \u00e0 Estepona avec Zapholiday. Id\u00e9al pour les familles, pr\u00e8s de la mer, avec piscine et tout le confort.\" \/>\n<meta property=\"og:url\" content=\"https:\/\/www.zapholiday.eu\/blog\/location-vacances-estepona\/\" \/>\n<meta property=\"og:site_name\" content=\"Blog\" \/>\n<meta property=\"article:published_time\" content=\"2026-01-29T14:44:26+00:00\" \/>\n<meta property=\"article:modified_time\" content=\"2026-01-30T08:32:26+00:00\" \/>\n<meta property=\"og:image\" content=\"https:\/\/www.zapholiday.eu\/blog\/wp-content\/uploads\/2026\/01\/alquiler-vacacional-estepona.webp\" \/>\n\t<meta property=\"og:image:width\" content=\"1920\" \/>\n\t<meta property=\"og:image:height\" content=\"650\" \/>\n\t<meta property=\"og:image:type\" content=\"image\/webp\" \/>\n<meta name=\"author\" content=\"digitalservices@avantio.com\" \/>\n<meta name=\"twitter:card\" content=\"summary_large_image\" \/>\n<meta name=\"twitter:label1\" content=\"Written by\" \/>\n\t<meta name=\"twitter:data1\" content=\"digitalservices@avantio.com\" \/>\n\t<meta name=\"twitter:label2\" content=\"Est. reading time\" \/>\n\t<meta name=\"twitter:data2\" content=\"5 minutes\" \/>\n<script type=\"application\/ld+json\" class=\"yoast-schema-graph\">{\"@context\":\"https:\/\/schema.org\",\"@graph\":[{\"@type\":\"Article\",\"@id\":\"https:\/\/www.zapholiday.eu\/blog\/location-vacances-estepona\/#article\",\"isPartOf\":{\"@id\":\"https:\/\/www.zapholiday.eu\/blog\/location-vacances-estepona\/\"},\"author\":{\"name\":\"digitalservices@avantio.com\",\"@id\":\"https:\/\/www.zapholiday.eu\/blog\/#\/schema\/person\/637bc95d49e1c6ec2aa84f3aa825e577\"},\"headline\":\"Location de vacances \u00e0 Estepona\",\"datePublished\":\"2026-01-29T14:44:26+00:00\",\"dateModified\":\"2026-01-30T08:32:26+00:00\",\"mainEntityOfPage\":{\"@id\":\"https:\/\/www.zapholiday.eu\/blog\/location-vacances-estepona\/\"},\"wordCount\":1080,\"commentCount\":0,\"image\":{\"@id\":\"https:\/\/www.zapholiday.eu\/blog\/location-vacances-estepona\/#primaryimage\"},\"thumbnailUrl\":\"https:\/\/www.zapholiday.eu\/blog\/wp-content\/uploads\/2026\/01\/alquiler-vacacional-estepona.webp\",\"articleSection\":[\"Location de vacances\"],\"inLanguage\":\"fr\",\"potentialAction\":[{\"@type\":\"CommentAction\",\"name\":\"Comment\",\"target\":[\"https:\/\/www.zapholiday.eu\/blog\/location-vacances-estepona\/#respond\"]}]},{\"@type\":\"WebPage\",\"@id\":\"https:\/\/www.zapholiday.eu\/blog\/location-vacances-estepona\/\",\"url\":\"https:\/\/www.zapholiday.eu\/blog\/location-vacances-estepona\/\",\"name\":\"Location de vacances \u00e0 Estepona | Zapholiday\",\"isPartOf\":{\"@id\":\"https:\/\/www.zapholiday.eu\/blog\/#website\"},\"primaryImageOfPage\":{\"@id\":\"https:\/\/www.zapholiday.eu\/blog\/location-vacances-estepona\/#primaryimage\"},\"image\":{\"@id\":\"https:\/\/www.zapholiday.eu\/blog\/location-vacances-estepona\/#primaryimage\"},\"thumbnailUrl\":\"https:\/\/www.zapholiday.eu\/blog\/wp-content\/uploads\/2026\/01\/alquiler-vacacional-estepona.webp\",\"datePublished\":\"2026-01-29T14:44:26+00:00\",\"dateModified\":\"2026-01-30T08:32:26+00:00\",\"author\":{\"@id\":\"https:\/\/www.zapholiday.eu\/blog\/#\/schema\/person\/637bc95d49e1c6ec2aa84f3aa825e577\"},\"description\":\"R\u00e9servez votre location de vacances \u00e0 Estepona avec Zapholiday. Id\u00e9al pour les familles, pr\u00e8s de la mer, avec piscine et tout le confort.\",\"breadcrumb\":{\"@id\":\"https:\/\/www.zapholiday.eu\/blog\/location-vacances-estepona\/#breadcrumb\"},\"inLanguage\":\"fr\",\"potentialAction\":[{\"@type\":\"ReadAction\",\"target\":[\"https:\/\/www.zapholiday.eu\/blog\/location-vacances-estepona\/\"]}]},{\"@type\":\"ImageObject\",\"inLanguage\":\"fr\",\"@id\":\"https:\/\/www.zapholiday.eu\/blog\/location-vacances-estepona\/#primaryimage\",\"url\":\"https:\/\/www.zapholiday.eu\/blog\/wp-content\/uploads\/2026\/01\/alquiler-vacacional-estepona.webp\",\"contentUrl\":\"https:\/\/www.zapholiday.eu\/blog\/wp-content\/uploads\/2026\/01\/alquiler-vacacional-estepona.webp\",\"width\":1920,\"height\":650,\"caption\":\"alquiler vacacional estepona\"},{\"@type\":\"BreadcrumbList\",\"@id\":\"https:\/\/www.zapholiday.eu\/blog\/location-vacances-estepona\/#breadcrumb\",\"itemListElement\":[{\"@type\":\"ListItem\",\"position\":1,\"name\":\"Portada\",\"item\":\"https:\/\/www.zapholiday.eu\/blog\/\"},{\"@type\":\"ListItem\",\"position\":2,\"name\":\"Location de vacances \u00e0 Estepona\"}]},{\"@type\":\"WebSite\",\"@id\":\"https:\/\/www.zapholiday.eu\/blog\/#website\",\"url\":\"https:\/\/www.zapholiday.eu\/blog\/\",\"name\":\"Blog\",\"description\":\"ZapHoliday\",\"potentialAction\":[{\"@type\":\"SearchAction\",\"target\":{\"@type\":\"EntryPoint\",\"urlTemplate\":\"https:\/\/www.zapholiday.eu\/blog\/?s={search_term_string}\"},\"query-input\":{\"@type\":\"PropertyValueSpecification\",\"valueRequired\":true,\"valueName\":\"search_term_string\"}}],\"inLanguage\":\"fr\"},{\"@type\":\"Person\",\"@id\":\"https:\/\/www.zapholiday.eu\/blog\/#\/schema\/person\/637bc95d49e1c6ec2aa84f3aa825e577\",\"name\":\"digitalservices@avantio.com\",\"image\":{\"@type\":\"ImageObject\",\"inLanguage\":\"fr\",\"@id\":\"https:\/\/www.zapholiday.eu\/blog\/#\/schema\/person\/image\/\",\"url\":\"https:\/\/secure.gravatar.com\/avatar\/af30f88a1904294c1f3eb09a9d7903eec4ffa18fa2cf40c28a8681014ecdfc20?s=96&d=mm&r=g\",\"contentUrl\":\"https:\/\/secure.gravatar.com\/avatar\/af30f88a1904294c1f3eb09a9d7903eec4ffa18fa2cf40c28a8681014ecdfc20?s=96&d=mm&r=g\",\"caption\":\"digitalservices@avantio.com\"},\"url\":\"https:\/\/www.zapholiday.eu\/blog\/author\/digitalservicesavantio-com\/\"}]}<\/script>\n<!-- \/ Yoast SEO plugin. -->","yoast_head_json":{"title":"Location de vacances \u00e0 Estepona | Zapholiday","description":"R\u00e9servez votre location de vacances \u00e0 Estepona avec Zapholiday. Id\u00e9al pour les familles, pr\u00e8s de la mer, avec piscine et tout le confort.","robots":{"index":"index","follow":"follow","max-snippet":"max-snippet:-1","max-image-preview":"max-image-preview:large","max-video-preview":"max-video-preview:-1"},"canonical":"https:\/\/www.zapholiday.eu\/blog\/location-vacances-estepona\/","og_locale":"fr_FR","og_type":"article","og_title":"Location de vacances \u00e0 Estepona | Zapholiday","og_description":"R\u00e9servez votre location de vacances \u00e0 Estepona avec Zapholiday. Id\u00e9al pour les familles, pr\u00e8s de la mer, avec piscine et tout le confort.","og_url":"https:\/\/www.zapholiday.eu\/blog\/location-vacances-estepona\/","og_site_name":"Blog","article_published_time":"2026-01-29T14:44:26+00:00","article_modified_time":"2026-01-30T08:32:26+00:00","og_image":[{"width":1920,"height":650,"url":"https:\/\/www.zapholiday.eu\/blog\/wp-content\/uploads\/2026\/01\/alquiler-vacacional-estepona.webp","type":"image\/webp"}],"author":"digitalservices@avantio.com","twitter_card":"summary_large_image","twitter_misc":{"Written by":"digitalservices@avantio.com","Est. reading time":"5 minutes"},"schema":{"@context":"https:\/\/schema.org","@graph":[{"@type":"Article","@id":"https:\/\/www.zapholiday.eu\/blog\/location-vacances-estepona\/#article","isPartOf":{"@id":"https:\/\/www.zapholiday.eu\/blog\/location-vacances-estepona\/"},"author":{"name":"digitalservices@avantio.com","@id":"https:\/\/www.zapholiday.eu\/blog\/#\/schema\/person\/637bc95d49e1c6ec2aa84f3aa825e577"},"headline":"Location de vacances \u00e0 Estepona","datePublished":"2026-01-29T14:44:26+00:00","dateModified":"2026-01-30T08:32:26+00:00","mainEntityOfPage":{"@id":"https:\/\/www.zapholiday.eu\/blog\/location-vacances-estepona\/"},"wordCount":1080,"commentCount":0,"image":{"@id":"https:\/\/www.zapholiday.eu\/blog\/location-vacances-estepona\/#primaryimage"},"thumbnailUrl":"https:\/\/www.zapholiday.eu\/blog\/wp-content\/uploads\/2026\/01\/alquiler-vacacional-estepona.webp","articleSection":["Location de vacances"],"inLanguage":"fr","potentialAction":[{"@type":"CommentAction","name":"Comment","target":["https:\/\/www.zapholiday.eu\/blog\/location-vacances-estepona\/#respond"]}]},{"@type":"WebPage","@id":"https:\/\/www.zapholiday.eu\/blog\/location-vacances-estepona\/","url":"https:\/\/www.zapholiday.eu\/blog\/location-vacances-estepona\/","name":"Location de vacances \u00e0 Estepona | Zapholiday","isPartOf":{"@id":"https:\/\/www.zapholiday.eu\/blog\/#website"},"primaryImageOfPage":{"@id":"https:\/\/www.zapholiday.eu\/blog\/location-vacances-estepona\/#primaryimage"},"image":{"@id":"https:\/\/www.zapholiday.eu\/blog\/location-vacances-estepona\/#primaryimage"},"thumbnailUrl":"https:\/\/www.zapholiday.eu\/blog\/wp-content\/uploads\/2026\/01\/alquiler-vacacional-estepona.webp","datePublished":"2026-01-29T14:44:26+00:00","dateModified":"2026-01-30T08:32:26+00:00","author":{"@id":"https:\/\/www.zapholiday.eu\/blog\/#\/schema\/person\/637bc95d49e1c6ec2aa84f3aa825e577"},"description":"R\u00e9servez votre location de vacances \u00e0 Estepona avec Zapholiday. Id\u00e9al pour les familles, pr\u00e8s de la mer, avec piscine et tout le confort.","breadcrumb":{"@id":"https:\/\/www.zapholiday.eu\/blog\/location-vacances-estepona\/#breadcrumb"},"inLanguage":"fr","potentialAction":[{"@type":"ReadAction","target":["https:\/\/www.zapholiday.eu\/blog\/location-vacances-estepona\/"]}]},{"@type":"ImageObject","inLanguage":"fr","@id":"https:\/\/www.zapholiday.eu\/blog\/location-vacances-estepona\/#primaryimage","url":"https:\/\/www.zapholiday.eu\/blog\/wp-content\/uploads\/2026\/01\/alquiler-vacacional-estepona.webp","contentUrl":"https:\/\/www.zapholiday.eu\/blog\/wp-content\/uploads\/2026\/01\/alquiler-vacacional-estepona.webp","width":1920,"height":650,"caption":"alquiler vacacional estepona"},{"@type":"BreadcrumbList","@id":"https:\/\/www.zapholiday.eu\/blog\/location-vacances-estepona\/#breadcrumb","itemListElement":[{"@type":"ListItem","position":1,"name":"Portada","item":"https:\/\/www.zapholiday.eu\/blog\/"},{"@type":"ListItem","position":2,"name":"Location de vacances \u00e0 Estepona"}]},{"@type":"WebSite","@id":"https:\/\/www.zapholiday.eu\/blog\/#website","url":"https:\/\/www.zapholiday.eu\/blog\/","name":"Blog","description":"ZapHoliday","potentialAction":[{"@type":"SearchAction","target":{"@type":"EntryPoint","urlTemplate":"https:\/\/www.zapholiday.eu\/blog\/?s={search_term_string}"},"query-input":{"@type":"PropertyValueSpecification","valueRequired":true,"valueName":"search_term_string"}}],"inLanguage":"fr"},{"@type":"Person","@id":"https:\/\/www.zapholiday.eu\/blog\/#\/schema\/person\/637bc95d49e1c6ec2aa84f3aa825e577","name":"digitalservices@avantio.com","image":{"@type":"ImageObject","inLanguage":"fr","@id":"https:\/\/www.zapholiday.eu\/blog\/#\/schema\/person\/image\/","url":"https:\/\/secure.gravatar.com\/avatar\/af30f88a1904294c1f3eb09a9d7903eec4ffa18fa2cf40c28a8681014ecdfc20?s=96&d=mm&r=g","contentUrl":"https:\/\/secure.gravatar.com\/avatar\/af30f88a1904294c1f3eb09a9d7903eec4ffa18fa2cf40c28a8681014ecdfc20?s=96&d=mm&r=g","caption":"digitalservices@avantio.com"},"url":"https:\/\/www.zapholiday.eu\/blog\/author\/digitalservicesavantio-com\/"}]}},"_links":{"self":[{"href":"https:\/\/www.zapholiday.eu\/blog\/wp-json\/wp\/v2\/posts\/3962","targetHints":{"allow":["GET"]}}],"collection":[{"href":"https:\/\/www.zapholiday.eu\/blog\/wp-json\/wp\/v2\/posts"}],"about":[{"href":"https:\/\/www.zapholiday.eu\/blog\/wp-json\/wp\/v2\/types\/post"}],"author":[{"embeddable":true,"href":"https:\/\/www.zapholiday.eu\/blog\/wp-json\/wp\/v2\/users\/2"}],"replies":[{"embeddable":true,"href":"https:\/\/www.zapholiday.eu\/blog\/wp-json\/wp\/v2\/comments?post=3962"}],"version-history":[{"count":1,"href":"https:\/\/www.zapholiday.eu\/blog\/wp-json\/wp\/v2\/posts\/3962\/revisions"}],"predecessor-version":[{"id":3963,"href":"https:\/\/www.zapholiday.eu\/blog\/wp-json\/wp\/v2\/posts\/3962\/revisions\/3963"}],"wp:featuredmedia":[{"embeddable":true,"href":"https:\/\/www.zapholiday.eu\/blog\/wp-json\/wp\/v2\/media\/3933"}],"wp:attachment":[{"href":"https:\/\/www.zapholiday.eu\/blog\/wp-json\/wp\/v2\/media?parent=3962"}],"wp:term":[{"taxonomy":"category","embeddable":true,"href":"https:\/\/www.zapholiday.eu\/blog\/wp-json\/wp\/v2\/categories?post=3962"},{"taxonomy":"post_tag","embeddable":true,"href":"https:\/\/www.zapholiday.eu\/blog\/wp-json\/wp\/v2\/tags?post=3962"}],"curies":[{"name":"wp","href":"https:\/\/api.w.org\/{rel}","templated":true}]}}