{"id":1200,"date":"2025-06-04T14:13:23","date_gmt":"2025-06-04T14:13:23","guid":{"rendered":"https:\/\/www.zapholiday.eu\/blog\/el-tiempo-en-la-costa-del-sol-que-estacion-elegir-para-tus-vacaciones\/"},"modified":"2025-10-27T12:28:31","modified_gmt":"2025-10-27T12:28:31","slug":"tiempo-costa-del-sol","status":"publish","type":"post","link":"https:\/\/www.zapholiday.eu\/blog\/es\/tiempo-costa-del-sol\/","title":{"rendered":"El tiempo en la Costa del Sol: \u00bfqu\u00e9 estaci\u00f3n elegir para tus vacaciones?"},"content":{"rendered":"\t\t<div data-elementor-type=\"wp-post\" data-elementor-id=\"1200\" class=\"elementor elementor-1200 elementor-763\" data-elementor-post-type=\"post\">\n\t\t\t\t<div class=\"elementor-element elementor-element-3b2cb0ad e-flex e-con-boxed e-con e-parent\" data-id=\"3b2cb0ad\" data-element_type=\"container\" data-e-type=\"container\">\n\t\t\t\t\t<div class=\"e-con-inner\">\n\t\t\t\t<div class=\"elementor-element elementor-element-634964e9 elementor-widget elementor-widget-text-editor\" data-id=\"634964e9\" data-element_type=\"widget\" data-e-type=\"widget\" data-widget_type=\"text-editor.default\">\n\t\t\t\t<div class=\"elementor-widget-container\">\n\t\t\t\t\t\t\t\t\t<p>Si buscas unas vacaciones de playa inolvidables en el sur de Espa\u00f1a, \u00a1no busques m\u00e1s all\u00e1 de la <strong>Costa del Sol<\/strong>! Con sus playas doradas, sus legendarios campos de golf y sus inigualables instalaciones de ocio, este rinc\u00f3n del sur de Andaluc\u00eda tiene todo lo que necesitas para unas vacaciones relajantes, durante todo el a\u00f1o.<\/p><p>Descubre las diferentes estaciones en la Costa del Sol y descubre qu\u00e9 puedes hacer en esta regi\u00f3n de la Pen\u00ednsula Ib\u00e9rica seg\u00fan el tiempo que haga.<\/p>\t\t\t\t\t\t\t\t<\/div>\n\t\t\t\t<\/div>\n\t\t\t\t\t<\/div>\n\t\t\t\t<\/div>\n\t\t<div class=\"elementor-element elementor-element-45e8f880 e-flex e-con-boxed e-con e-parent\" data-id=\"45e8f880\" data-element_type=\"container\" data-e-type=\"container\">\n\t\t\t\t\t<div class=\"e-con-inner\">\n\t\t\t\t<div class=\"elementor-element elementor-element-44a4ec8b elementor-widget elementor-widget-heading\" data-id=\"44a4ec8b\" data-element_type=\"widget\" data-e-type=\"widget\" data-widget_type=\"heading.default\">\n\t\t\t\t<div class=\"elementor-widget-container\">\n\t\t\t\t\t<h2 class=\"elementor-heading-title elementor-size-default\">Qu\u00e9 tiempo hacer en la Costa del Sol todo el a\u00f1o<\/h2>\t\t\t\t<\/div>\n\t\t\t\t<\/div>\n\t\t\t\t<div class=\"elementor-element elementor-element-24ba6178 elementor-widget elementor-widget-text-editor\" data-id=\"24ba6178\" data-element_type=\"widget\" data-e-type=\"widget\" data-widget_type=\"text-editor.default\">\n\t\t\t\t<div class=\"elementor-widget-container\">\n\t\t\t\t\t\t\t\t\t<p>Antes de planificar tu estancia, la mejor \u00e9poca para visitar la Costa del Sol depende tanto de tu tolerancia al calor como de tus preferencias en cuanto a actividades tur\u00edsticas. Gracias a su clima mediterr\u00e1neo, la <strong>Costa del Sol goza de un clima agradable y un tiempo favorable durante todo el a\u00f1o,<\/strong> aunque el periodo de mayo a octubre se considera el m\u00e1s id\u00f3neo si pretendes disfrutar del sol y el calor de la temporada estival. Vamos a echar un vistazo a los distintos climas que puedes encontrar en esta regi\u00f3n del sur de Espa\u00f1a, por estaciones, y a contarte todo lo que puedes hacer.    <\/p>\t\t\t\t\t\t\t\t<\/div>\n\t\t\t\t<\/div>\n\t\t\t\t\t<\/div>\n\t\t\t\t<\/div>\n\t\t<div class=\"elementor-element elementor-element-ff7641e e-flex e-con-boxed e-con e-parent\" data-id=\"ff7641e\" data-element_type=\"container\" data-e-type=\"container\">\n\t\t\t\t\t<div class=\"e-con-inner\">\n\t\t\t\t<div class=\"elementor-element elementor-element-64686907 elementor-widget elementor-widget-heading\" data-id=\"64686907\" data-element_type=\"widget\" data-e-type=\"widget\" data-widget_type=\"heading.default\">\n\t\t\t\t<div class=\"elementor-widget-container\">\n\t\t\t\t\t<h3 class=\"elementor-heading-title elementor-size-default\">Primavera  <\/h3>\t\t\t\t<\/div>\n\t\t\t\t<\/div>\n\t\t\t\t<div class=\"elementor-element elementor-element-5830ef3 elementor-widget elementor-widget-image\" data-id=\"5830ef3\" data-element_type=\"widget\" data-e-type=\"widget\" data-widget_type=\"image.default\">\n\t\t\t\t<div class=\"elementor-widget-container\">\n\t\t\t\t\t\t\t\t\t\t\t\t\t\t\t<img fetchpriority=\"high\" decoding=\"async\" width=\"1314\" height=\"657\" src=\"https:\/\/www.zapholiday.eu\/blog\/wp-content\/uploads\/2025\/06\/Costa-del-sol-printemps.jpg\" class=\"attachment-full size-full wp-image-773\" alt=\"Costa-del-sol-printemps.jpg\" srcset=\"https:\/\/www.zapholiday.eu\/blog\/wp-content\/uploads\/2025\/06\/Costa-del-sol-printemps.jpg 1314w, https:\/\/www.zapholiday.eu\/blog\/wp-content\/uploads\/2025\/06\/Costa-del-sol-printemps-300x150.jpg 300w, https:\/\/www.zapholiday.eu\/blog\/wp-content\/uploads\/2025\/06\/Costa-del-sol-printemps-1024x512.jpg 1024w, https:\/\/www.zapholiday.eu\/blog\/wp-content\/uploads\/2025\/06\/Costa-del-sol-printemps-768x384.jpg 768w\" sizes=\"(max-width: 1314px) 100vw, 1314px\" \/>\t\t\t\t\t\t\t\t\t\t\t\t\t\t\t<\/div>\n\t\t\t\t<\/div>\n\t\t\t\t<div class=\"elementor-element elementor-element-5ff72fd7 elementor-widget elementor-widget-text-editor\" data-id=\"5ff72fd7\" data-element_type=\"widget\" data-e-type=\"widget\" data-widget_type=\"text-editor.default\">\n\t\t\t\t<div class=\"elementor-widget-container\">\n\t\t\t\t\t\t\t\t\t<p><strong>De marzo a mayo<\/strong>, <strong>la primavera<\/strong> en la Costa del Sol es suave y soleada, con ocasionales d\u00edas de lluvia. Es la estaci\u00f3n ideal para disfrutar de d\u00edas suaves, sobre todo hasta mayo, cuando empiezan a aparecer los primeros d\u00edas c\u00e1lidos, con <strong>m\u00e1ximas de hasta 30 grados. <\/strong>Adem\u00e1s, si te gustan las visitas tur\u00edsticas y las actividades al aire libre que requieren cierto esfuerzo f\u00edsico, como el senderismo, \u00e9sta es la \u00e9poca ideal para visitar el sur de Andaluc\u00eda, sobre todo si te diriges hacia el interior.   <\/p>\t\t\t\t\t\t\t\t<\/div>\n\t\t\t\t<\/div>\n\t\t\t\t\t<\/div>\n\t\t\t\t<\/div>\n\t\t<div class=\"elementor-element elementor-element-c7049fa e-flex e-con-boxed e-con e-parent\" data-id=\"c7049fa\" data-element_type=\"container\" data-e-type=\"container\">\n\t\t\t\t\t<div class=\"e-con-inner\">\n\t\t\t\t<div class=\"elementor-element elementor-element-cecefb3 elementor-widget elementor-widget-heading\" data-id=\"cecefb3\" data-element_type=\"widget\" data-e-type=\"widget\" data-widget_type=\"heading.default\">\n\t\t\t\t<div class=\"elementor-widget-container\">\n\t\t\t\t\t<h3 class=\"elementor-heading-title elementor-size-default\">Verano<\/h3>\t\t\t\t<\/div>\n\t\t\t\t<\/div>\n\t\t\t\t<div class=\"elementor-element elementor-element-2461df0 elementor-widget elementor-widget-image\" data-id=\"2461df0\" data-element_type=\"widget\" data-e-type=\"widget\" data-widget_type=\"image.default\">\n\t\t\t\t<div class=\"elementor-widget-container\">\n\t\t\t\t\t\t\t\t\t\t\t\t\t\t\t<img decoding=\"async\" width=\"1254\" height=\"627\" src=\"https:\/\/www.zapholiday.eu\/blog\/wp-content\/uploads\/2025\/06\/Costa-del-sol-ete.jpg\" class=\"attachment-full size-full wp-image-778\" alt=\"Costa-del-sol-ete.jpg\" srcset=\"https:\/\/www.zapholiday.eu\/blog\/wp-content\/uploads\/2025\/06\/Costa-del-sol-ete.jpg 1254w, https:\/\/www.zapholiday.eu\/blog\/wp-content\/uploads\/2025\/06\/Costa-del-sol-ete-300x150.jpg 300w, https:\/\/www.zapholiday.eu\/blog\/wp-content\/uploads\/2025\/06\/Costa-del-sol-ete-1024x512.jpg 1024w, https:\/\/www.zapholiday.eu\/blog\/wp-content\/uploads\/2025\/06\/Costa-del-sol-ete-768x384.jpg 768w\" sizes=\"(max-width: 1254px) 100vw, 1254px\" \/>\t\t\t\t\t\t\t\t\t\t\t\t\t\t\t<\/div>\n\t\t\t\t<\/div>\n\t\t\t\t<div class=\"elementor-element elementor-element-ff5fcfe elementor-widget elementor-widget-text-editor\" data-id=\"ff5fcfe\" data-element_type=\"widget\" data-e-type=\"widget\" data-widget_type=\"text-editor.default\">\n\t\t\t\t<div class=\"elementor-widget-container\">\n\t\t\t\t\t\t\t\t\t<p><strong>El verano, de junio a mediados de septiembre,<\/strong> es la estaci\u00f3n ideal si est\u00e1s planeando unas vacaciones de playa en la Costa del Sol; el sol es perfecto y constante, los cielos no podr\u00edan estar m\u00e1s despejados y la lluvia casi inexistente. Las temperaturas <strong>oscilan<\/strong> generalmente <strong>entre 28 grados en junio y 30\/31 grados en julio y agosto,<\/strong> t\u00edpicas del clima mediterr\u00e1neo. Sin embargo, cuando los vientos c\u00e1lidos del interior de Andaluc\u00eda llegan a la costa, el calor puede volverse t\u00f3rrido, con temperaturas que a veces alcanzan los 35\/37 grados, o incluso los 40\u00b0C. Afortunadamente, en este caso, el viento es fuerte y el aire se vuelve seco: conviene beber a menudo para evitar la deshidrataci\u00f3n, sobre todo en el caso de los ancianos y los ni\u00f1os.     <\/p><p>Aparte de este aspecto, el verano en la Costa del Sol es sin\u00f3nimo de <strong>temporada alta tur\u00edstica<\/strong>; durante estos meses, la regi\u00f3n bulle con un sinf\u00edn de actividades y eventos. Es la \u00e9poca ideal para quienes adoran el bullicio tur\u00edstico y quieren disfrutar de todas las atracciones, desde animados restaurantes hasta coloridos festivales. Por el contrario, tambi\u00e9n es la <strong>temporada en que hay m\u00e1s aglomeraciones y los precios del alojamiento se disparan<\/strong>, por lo que te recomendamos reservar tu alojamiento con antelaci\u00f3n para mayor comodidad.    <\/p>\t\t\t\t\t\t\t\t<\/div>\n\t\t\t\t<\/div>\n\t\t\t\t\t<\/div>\n\t\t\t\t<\/div>\n\t\t<div class=\"elementor-element elementor-element-db8cb8f e-flex e-con-boxed e-con e-parent\" data-id=\"db8cb8f\" data-element_type=\"container\" data-e-type=\"container\">\n\t\t\t\t\t<div class=\"e-con-inner\">\n\t\t\t\t<div class=\"elementor-element elementor-element-0911dff elementor-widget elementor-widget-heading\" data-id=\"0911dff\" data-element_type=\"widget\" data-e-type=\"widget\" data-widget_type=\"heading.default\">\n\t\t\t\t<div class=\"elementor-widget-container\">\n\t\t\t\t\t<h3 class=\"elementor-heading-title elementor-size-default\">Oto\u00f1o<\/h3>\t\t\t\t<\/div>\n\t\t\t\t<\/div>\n\t\t\t\t<div class=\"elementor-element elementor-element-40306a4 elementor-widget elementor-widget-image\" data-id=\"40306a4\" data-element_type=\"widget\" data-e-type=\"widget\" data-widget_type=\"image.default\">\n\t\t\t\t<div class=\"elementor-widget-container\">\n\t\t\t\t\t\t\t\t\t\t\t\t\t\t\t<img decoding=\"async\" width=\"1254\" height=\"627\" src=\"https:\/\/www.zapholiday.eu\/blog\/wp-content\/uploads\/2025\/06\/costa-del-sol-automne.jpg\" class=\"attachment-full size-full wp-image-788\" alt=\"costa-del-sol-automne.jpg\" srcset=\"https:\/\/www.zapholiday.eu\/blog\/wp-content\/uploads\/2025\/06\/costa-del-sol-automne.jpg 1254w, https:\/\/www.zapholiday.eu\/blog\/wp-content\/uploads\/2025\/06\/costa-del-sol-automne-300x150.jpg 300w, https:\/\/www.zapholiday.eu\/blog\/wp-content\/uploads\/2025\/06\/costa-del-sol-automne-1024x512.jpg 1024w, https:\/\/www.zapholiday.eu\/blog\/wp-content\/uploads\/2025\/06\/costa-del-sol-automne-768x384.jpg 768w\" sizes=\"(max-width: 1254px) 100vw, 1254px\" \/>\t\t\t\t\t\t\t\t\t\t\t\t\t\t\t<\/div>\n\t\t\t\t<\/div>\n\t\t\t\t<div class=\"elementor-element elementor-element-852cfaa elementor-widget elementor-widget-text-editor\" data-id=\"852cfaa\" data-element_type=\"widget\" data-e-type=\"widget\" data-widget_type=\"text-editor.default\">\n\t\t\t\t<div class=\"elementor-widget-container\">\n\t\t\t\t\t\t\t\t\t<p><strong>El oto\u00f1o<\/strong> se produce en la Costa del Sol <strong>desde mediados de septiembre hasta noviembre<\/strong>, cuando las temperaturas empiezan siendo c\u00e1lidas y se <strong>van<\/strong> <strong>suavizando<\/strong> <strong>gradualmente<\/strong> <strong>, hasta alcanzar los 20\u00b0C en<\/strong> algunos lugares, a medida que las perturbaciones atl\u00e1nticas se hacen m\u00e1s frecuentes a lo largo de la costa. En octubre sigue habiendo muchos d\u00edas c\u00e1lidos y soleados, sobre todo en la primera quincena. En noviembre, sin embargo, el tiempo cambia y se vuelve suave, a menudo nublado y lluvioso. Ocasionalmente, las lluvias se concentran en un periodo corto y pueden ser fuertes, sobre todo en la parte occidental de la Costa del Sol. Tiempo <strong>ideal<\/strong> <strong>para visitas culturales de interior,<\/strong> como a museos.     <\/p>\t\t\t\t\t\t\t\t<\/div>\n\t\t\t\t<\/div>\n\t\t\t\t\t<\/div>\n\t\t\t\t<\/div>\n\t\t<div class=\"elementor-element elementor-element-c014274 e-flex e-con-boxed e-con e-parent\" data-id=\"c014274\" data-element_type=\"container\" data-e-type=\"container\">\n\t\t\t\t\t<div class=\"e-con-inner\">\n\t\t\t\t<div class=\"elementor-element elementor-element-1f04e40 elementor-widget elementor-widget-heading\" data-id=\"1f04e40\" data-element_type=\"widget\" data-e-type=\"widget\" data-widget_type=\"heading.default\">\n\t\t\t\t<div class=\"elementor-widget-container\">\n\t\t\t\t\t<h3 class=\"elementor-heading-title elementor-size-default\">Invierno<\/h3>\t\t\t\t<\/div>\n\t\t\t\t<\/div>\n\t\t\t\t<div class=\"elementor-element elementor-element-0603a33 elementor-widget elementor-widget-image\" data-id=\"0603a33\" data-element_type=\"widget\" data-e-type=\"widget\" data-widget_type=\"image.default\">\n\t\t\t\t<div class=\"elementor-widget-container\">\n\t\t\t\t\t\t\t\t\t\t\t\t\t\t\t<img loading=\"lazy\" decoding=\"async\" width=\"1255\" height=\"627\" src=\"https:\/\/www.zapholiday.eu\/blog\/wp-content\/uploads\/2025\/06\/costa-del-sol-hiver.jpg\" class=\"attachment-full size-full wp-image-783\" alt=\"costa-del-sol-hiver.jpg\" srcset=\"https:\/\/www.zapholiday.eu\/blog\/wp-content\/uploads\/2025\/06\/costa-del-sol-hiver.jpg 1255w, https:\/\/www.zapholiday.eu\/blog\/wp-content\/uploads\/2025\/06\/costa-del-sol-hiver-300x150.jpg 300w, https:\/\/www.zapholiday.eu\/blog\/wp-content\/uploads\/2025\/06\/costa-del-sol-hiver-1024x512.jpg 1024w, https:\/\/www.zapholiday.eu\/blog\/wp-content\/uploads\/2025\/06\/costa-del-sol-hiver-768x384.jpg 768w\" sizes=\"(max-width: 1255px) 100vw, 1255px\" \/>\t\t\t\t\t\t\t\t\t\t\t\t\t\t\t<\/div>\n\t\t\t\t<\/div>\n\t\t\t\t<div class=\"elementor-element elementor-element-8d9a6aa elementor-widget elementor-widget-text-editor\" data-id=\"8d9a6aa\" data-element_type=\"widget\" data-e-type=\"widget\" data-widget_type=\"text-editor.default\">\n\t\t\t\t<div class=\"elementor-widget-container\">\n\t\t\t\t\t\t\t\t\t<p><strong>De diciembre a febrero<\/strong>, el invierno es <strong>suave<\/strong>, con d\u00edas soleados que alternan con periodos de mal tiempo, viento y lluvia.<\/p><p>Ocasionalmente, <strong>las temperaturas alcanzan los 18\/20 grados<\/strong> debido al viento africano, que puede incluso hacer que el term\u00f3metro supere los 20 grados. Durante esta estaci\u00f3n, rara vez hace mucho fr\u00edo: la temperatura s\u00f3lo baja a cero en las noches m\u00e1s fr\u00edas, pero incluso entonces, suele superar los diez grados durante el d\u00eda, lo que significa que nunca nieva en esta regi\u00f3n.   <\/p>\t\t\t\t\t\t\t\t<\/div>\n\t\t\t\t<\/div>\n\t\t\t\t\t<\/div>\n\t\t\t\t<\/div>\n\t\t<div class=\"elementor-element elementor-element-2afad566 e-flex e-con-boxed e-con e-parent\" data-id=\"2afad566\" data-element_type=\"container\" data-e-type=\"container\">\n\t\t\t\t\t<div class=\"e-con-inner\">\n\t\t\t\t<div class=\"elementor-element elementor-element-6a825ac8 elementor-widget elementor-widget-heading\" data-id=\"6a825ac8\" data-element_type=\"widget\" data-e-type=\"widget\" data-widget_type=\"heading.default\">\n\t\t\t\t<div class=\"elementor-widget-container\">\n\t\t\t\t\t<h2 class=\"elementor-heading-title elementor-size-default\">Consejos para disfrutar del clima de la Costa del Sol<\/h2>\t\t\t\t<\/div>\n\t\t\t\t<\/div>\n\t\t\t\t<div class=\"elementor-element elementor-element-28bcef8f elementor-widget elementor-widget-text-editor\" data-id=\"28bcef8f\" data-element_type=\"widget\" data-e-type=\"widget\" data-widget_type=\"text-editor.default\">\n\t\t\t\t<div class=\"elementor-widget-container\">\n\t\t\t\t\t\t\t\t\t<p>Dependiendo de la \u00e9poca del a\u00f1o en que visites la Costa del Sol, deber\u00e1s planificarlo con antelaci\u00f3n para aprovechar al m\u00e1ximo tu estancia:<\/p><ul><li>En verano, te aconsejamos que <strong>reserves tu alojamiento con antelaci\u00f3n<\/strong> para que no te quedes sin nada, y para que puedas encontrar el alojamiento adecuado a un precio razonable. Para ayudarte a hacerlo, hemos elaborado una lista de alojamientos para tus vacaciones, <a href=\"https:\/\/www.zapholiday.eu\/es\/\">\u00a1aqu\u00ed mismo <\/a>!<\/li><li><strong>Lleva ropa y protecci\u00f3n adecuadas para la estaci\u00f3n<\/strong>: por ejemplo, en verano, lleva ropa ligera y protecci\u00f3n solar para evitar insolaciones; por el contrario, en invierno, es mejor llevar jers\u00e9is y chaquetas para evitar resfriarte; en resumen, \u00a1haz la maleta con inteligencia!<\/li><\/ul>\t\t\t\t\t\t\t\t<\/div>\n\t\t\t\t<\/div>\n\t\t\t\t\t<\/div>\n\t\t\t\t<\/div>\n\t\t<div class=\"elementor-element elementor-element-1079eaa e-flex e-con-boxed e-con e-parent\" data-id=\"1079eaa\" data-element_type=\"container\" data-e-type=\"container\">\n\t\t\t\t\t<div class=\"e-con-inner\">\n\t\t\t\t<div class=\"elementor-element elementor-element-cbfc48c elementor-widget elementor-widget-heading\" data-id=\"cbfc48c\" data-element_type=\"widget\" data-e-type=\"widget\" data-widget_type=\"heading.default\">\n\t\t\t\t<div class=\"elementor-widget-container\">\n\t\t\t\t\t<h2 class=\"elementor-heading-title elementor-size-default\">Sea cual sea la estaci\u00f3n: \u00a1dir\u00edgete a la Costa del Sol!<\/h2>\t\t\t\t<\/div>\n\t\t\t\t<\/div>\n\t\t\t\t<div class=\"elementor-element elementor-element-fd6a504 elementor-widget elementor-widget-text-editor\" data-id=\"fd6a504\" data-element_type=\"widget\" data-e-type=\"widget\" data-widget_type=\"text-editor.default\">\n\t\t\t\t<div class=\"elementor-widget-container\">\n\t\t\t\t\t\t\t\t\t<p>La Costa del Sol es ideal para los turistas, con su clima excepcional durante todo el a\u00f1o, playas de ensue\u00f1o y una oferta cultural y gastron\u00f3mica de otro nivel. Tanto si buscas el calor del verano, la comodidad del entretiempo o la tranquilidad del invierno, este destino te encantar\u00e1 en todos los sentidos. \u00a1Planifica tus vacaciones con <a href=\"https:\/\/www.zapholiday.eu\/es\/\">Zapholiday<\/a> y descubre por qu\u00e9 la Costa del Sol es tu lugar!<\/p>\t\t\t\t\t\t\t\t<\/div>\n\t\t\t\t<\/div>\n\t\t\t\t\t<\/div>\n\t\t\t\t<\/div>\n\t\t\t\t<\/div>\n\t\t","protected":false},"excerpt":{"rendered":"<p>Si buscas unas vacaciones de playa inolvidables en el sur de Espa\u00f1a, \u00a1no busques m\u00e1s all\u00e1 de la Costa del Sol! Con sus playas doradas, sus legendarios campos de golf y sus inigualables instalaciones de ocio, este rinc\u00f3n del sur de Andaluc\u00eda tiene todo lo que necesitas para unas vacaciones relajantes, durante todo el a\u00f1o. [&hellip;]<\/p>\n","protected":false},"author":1,"featured_media":794,"comment_status":"open","ping_status":"open","sticky":false,"template":"","format":"standard","meta":{"footnotes":""},"categories":[43],"tags":[],"class_list":["post-1200","post","type-post","status-publish","format-standard","has-post-thumbnail","hentry","category-costa-del-sol-es"],"yoast_head":"<!-- This site is optimized with the Yoast SEO plugin v26.9 - https:\/\/yoast.com\/product\/yoast-seo-wordpress\/ -->\n<title>El tiempo en la Costa del Sol | Blog<\/title>\n<meta name=\"description\" content=\"Consulta el tiempo en la Costa del Sol y planifica tu viaje con garant\u00eda de buen tiempo.\" \/>\n<meta name=\"robots\" content=\"index, follow, max-snippet:-1, max-image-preview:large, max-video-preview:-1\" \/>\n<link rel=\"canonical\" href=\"https:\/\/www.zapholiday.eu\/blog\/es\/tiempo-costa-del-sol\/\" \/>\n<meta property=\"og:locale\" content=\"es_ES\" \/>\n<meta property=\"og:type\" content=\"article\" \/>\n<meta property=\"og:title\" content=\"El tiempo en la Costa del Sol | Blog\" \/>\n<meta property=\"og:description\" content=\"Consulta el tiempo en la Costa del Sol y planifica tu viaje con garant\u00eda de buen tiempo.\" \/>\n<meta property=\"og:url\" content=\"https:\/\/www.zapholiday.eu\/blog\/es\/tiempo-costa-del-sol\/\" \/>\n<meta property=\"og:site_name\" content=\"Blog\" \/>\n<meta property=\"article:published_time\" content=\"2025-06-04T14:13:23+00:00\" \/>\n<meta property=\"article:modified_time\" content=\"2025-10-27T12:28:31+00:00\" \/>\n<meta property=\"og:image\" content=\"https:\/\/www.zapholiday.eu\/blog\/wp-content\/uploads\/2025\/06\/La-Meteo-sur-la-Costa-del-Sol.jpg\" \/>\n\t<meta property=\"og:image:width\" content=\"1920\" \/>\n\t<meta property=\"og:image:height\" content=\"730\" \/>\n\t<meta property=\"og:image:type\" content=\"image\/jpeg\" \/>\n<meta name=\"author\" content=\"admin\" \/>\n<meta name=\"twitter:card\" content=\"summary_large_image\" \/>\n<meta name=\"twitter:label1\" content=\"Written by\" \/>\n\t<meta name=\"twitter:data1\" content=\"admin\" \/>\n\t<meta name=\"twitter:label2\" content=\"Est. reading time\" \/>\n\t<meta name=\"twitter:data2\" content=\"5 minutes\" \/>\n<script type=\"application\/ld+json\" class=\"yoast-schema-graph\">{\"@context\":\"https:\/\/schema.org\",\"@graph\":[{\"@type\":\"Article\",\"@id\":\"https:\/\/www.zapholiday.eu\/blog\/es\/tiempo-costa-del-sol\/#article\",\"isPartOf\":{\"@id\":\"https:\/\/www.zapholiday.eu\/blog\/es\/tiempo-costa-del-sol\/\"},\"author\":{\"name\":\"admin\",\"@id\":\"https:\/\/www.zapholiday.eu\/blog\/es\/#\/schema\/person\/e36acc37d1b50ea6469179e8fa03472d\"},\"headline\":\"El tiempo en la Costa del Sol: \u00bfqu\u00e9 estaci\u00f3n elegir para tus vacaciones?\",\"datePublished\":\"2025-06-04T14:13:23+00:00\",\"dateModified\":\"2025-10-27T12:28:31+00:00\",\"mainEntityOfPage\":{\"@id\":\"https:\/\/www.zapholiday.eu\/blog\/es\/tiempo-costa-del-sol\/\"},\"wordCount\":979,\"commentCount\":0,\"image\":{\"@id\":\"https:\/\/www.zapholiday.eu\/blog\/es\/tiempo-costa-del-sol\/#primaryimage\"},\"thumbnailUrl\":\"https:\/\/www.zapholiday.eu\/blog\/wp-content\/uploads\/2025\/06\/La-Meteo-sur-la-Costa-del-Sol.jpg\",\"articleSection\":[\"Costa del Sol\"],\"inLanguage\":\"es\",\"potentialAction\":[{\"@type\":\"CommentAction\",\"name\":\"Comment\",\"target\":[\"https:\/\/www.zapholiday.eu\/blog\/es\/tiempo-costa-del-sol\/#respond\"]}]},{\"@type\":\"WebPage\",\"@id\":\"https:\/\/www.zapholiday.eu\/blog\/es\/tiempo-costa-del-sol\/\",\"url\":\"https:\/\/www.zapholiday.eu\/blog\/es\/tiempo-costa-del-sol\/\",\"name\":\"El tiempo en la Costa del Sol | Blog\",\"isPartOf\":{\"@id\":\"https:\/\/www.zapholiday.eu\/blog\/es\/#website\"},\"primaryImageOfPage\":{\"@id\":\"https:\/\/www.zapholiday.eu\/blog\/es\/tiempo-costa-del-sol\/#primaryimage\"},\"image\":{\"@id\":\"https:\/\/www.zapholiday.eu\/blog\/es\/tiempo-costa-del-sol\/#primaryimage\"},\"thumbnailUrl\":\"https:\/\/www.zapholiday.eu\/blog\/wp-content\/uploads\/2025\/06\/La-Meteo-sur-la-Costa-del-Sol.jpg\",\"datePublished\":\"2025-06-04T14:13:23+00:00\",\"dateModified\":\"2025-10-27T12:28:31+00:00\",\"author\":{\"@id\":\"https:\/\/www.zapholiday.eu\/blog\/es\/#\/schema\/person\/e36acc37d1b50ea6469179e8fa03472d\"},\"description\":\"Consulta el tiempo en la Costa del Sol y planifica tu viaje con garant\u00eda de buen tiempo.\",\"breadcrumb\":{\"@id\":\"https:\/\/www.zapholiday.eu\/blog\/es\/tiempo-costa-del-sol\/#breadcrumb\"},\"inLanguage\":\"es\",\"potentialAction\":[{\"@type\":\"ReadAction\",\"target\":[\"https:\/\/www.zapholiday.eu\/blog\/es\/tiempo-costa-del-sol\/\"]}]},{\"@type\":\"ImageObject\",\"inLanguage\":\"es\",\"@id\":\"https:\/\/www.zapholiday.eu\/blog\/es\/tiempo-costa-del-sol\/#primaryimage\",\"url\":\"https:\/\/www.zapholiday.eu\/blog\/wp-content\/uploads\/2025\/06\/La-Meteo-sur-la-Costa-del-Sol.jpg\",\"contentUrl\":\"https:\/\/www.zapholiday.eu\/blog\/wp-content\/uploads\/2025\/06\/La-Meteo-sur-la-Costa-del-Sol.jpg\",\"width\":1920,\"height\":730,\"caption\":\"La-Meteo-sur-la-Costa-del-Sol.jpg\"},{\"@type\":\"BreadcrumbList\",\"@id\":\"https:\/\/www.zapholiday.eu\/blog\/es\/tiempo-costa-del-sol\/#breadcrumb\",\"itemListElement\":[{\"@type\":\"ListItem\",\"position\":1,\"name\":\"Portada\",\"item\":\"https:\/\/www.zapholiday.eu\/blog\/es\/\"},{\"@type\":\"ListItem\",\"position\":2,\"name\":\"El tiempo en la Costa del Sol: \u00bfqu\u00e9 estaci\u00f3n elegir para tus vacaciones?\"}]},{\"@type\":\"WebSite\",\"@id\":\"https:\/\/www.zapholiday.eu\/blog\/es\/#website\",\"url\":\"https:\/\/www.zapholiday.eu\/blog\/es\/\",\"name\":\"Blog\",\"description\":\"ZapHoliday\",\"potentialAction\":[{\"@type\":\"SearchAction\",\"target\":{\"@type\":\"EntryPoint\",\"urlTemplate\":\"https:\/\/www.zapholiday.eu\/blog\/es\/?s={search_term_string}\"},\"query-input\":{\"@type\":\"PropertyValueSpecification\",\"valueRequired\":true,\"valueName\":\"search_term_string\"}}],\"inLanguage\":\"es\"},{\"@type\":\"Person\",\"@id\":\"https:\/\/www.zapholiday.eu\/blog\/es\/#\/schema\/person\/e36acc37d1b50ea6469179e8fa03472d\",\"name\":\"admin\",\"image\":{\"@type\":\"ImageObject\",\"inLanguage\":\"es\",\"@id\":\"https:\/\/www.zapholiday.eu\/blog\/es\/#\/schema\/person\/image\/\",\"url\":\"https:\/\/secure.gravatar.com\/avatar\/42a1de295add8c33fd5048ebdd390af14c654bb55f9af92cf9fd71f197d4ffc8?s=96&d=mm&r=g\",\"contentUrl\":\"https:\/\/secure.gravatar.com\/avatar\/42a1de295add8c33fd5048ebdd390af14c654bb55f9af92cf9fd71f197d4ffc8?s=96&d=mm&r=g\",\"caption\":\"admin\"},\"sameAs\":[\"https:\/\/www.zapholiday.eu\/blog\"],\"url\":\"https:\/\/www.zapholiday.eu\/blog\/es\/author\/avantioblog\/\"}]}<\/script>\n<!-- \/ Yoast SEO plugin. -->","yoast_head_json":{"title":"El tiempo en la Costa del Sol | Blog","description":"Consulta el tiempo en la Costa del Sol y planifica tu viaje con garant\u00eda de buen tiempo.","robots":{"index":"index","follow":"follow","max-snippet":"max-snippet:-1","max-image-preview":"max-image-preview:large","max-video-preview":"max-video-preview:-1"},"canonical":"https:\/\/www.zapholiday.eu\/blog\/es\/tiempo-costa-del-sol\/","og_locale":"es_ES","og_type":"article","og_title":"El tiempo en la Costa del Sol | Blog","og_description":"Consulta el tiempo en la Costa del Sol y planifica tu viaje con garant\u00eda de buen tiempo.","og_url":"https:\/\/www.zapholiday.eu\/blog\/es\/tiempo-costa-del-sol\/","og_site_name":"Blog","article_published_time":"2025-06-04T14:13:23+00:00","article_modified_time":"2025-10-27T12:28:31+00:00","og_image":[{"width":1920,"height":730,"url":"https:\/\/www.zapholiday.eu\/blog\/wp-content\/uploads\/2025\/06\/La-Meteo-sur-la-Costa-del-Sol.jpg","type":"image\/jpeg"}],"author":"admin","twitter_card":"summary_large_image","twitter_misc":{"Written by":"admin","Est. reading time":"5 minutes"},"schema":{"@context":"https:\/\/schema.org","@graph":[{"@type":"Article","@id":"https:\/\/www.zapholiday.eu\/blog\/es\/tiempo-costa-del-sol\/#article","isPartOf":{"@id":"https:\/\/www.zapholiday.eu\/blog\/es\/tiempo-costa-del-sol\/"},"author":{"name":"admin","@id":"https:\/\/www.zapholiday.eu\/blog\/es\/#\/schema\/person\/e36acc37d1b50ea6469179e8fa03472d"},"headline":"El tiempo en la Costa del Sol: \u00bfqu\u00e9 estaci\u00f3n elegir para tus vacaciones?","datePublished":"2025-06-04T14:13:23+00:00","dateModified":"2025-10-27T12:28:31+00:00","mainEntityOfPage":{"@id":"https:\/\/www.zapholiday.eu\/blog\/es\/tiempo-costa-del-sol\/"},"wordCount":979,"commentCount":0,"image":{"@id":"https:\/\/www.zapholiday.eu\/blog\/es\/tiempo-costa-del-sol\/#primaryimage"},"thumbnailUrl":"https:\/\/www.zapholiday.eu\/blog\/wp-content\/uploads\/2025\/06\/La-Meteo-sur-la-Costa-del-Sol.jpg","articleSection":["Costa del Sol"],"inLanguage":"es","potentialAction":[{"@type":"CommentAction","name":"Comment","target":["https:\/\/www.zapholiday.eu\/blog\/es\/tiempo-costa-del-sol\/#respond"]}]},{"@type":"WebPage","@id":"https:\/\/www.zapholiday.eu\/blog\/es\/tiempo-costa-del-sol\/","url":"https:\/\/www.zapholiday.eu\/blog\/es\/tiempo-costa-del-sol\/","name":"El tiempo en la Costa del Sol | Blog","isPartOf":{"@id":"https:\/\/www.zapholiday.eu\/blog\/es\/#website"},"primaryImageOfPage":{"@id":"https:\/\/www.zapholiday.eu\/blog\/es\/tiempo-costa-del-sol\/#primaryimage"},"image":{"@id":"https:\/\/www.zapholiday.eu\/blog\/es\/tiempo-costa-del-sol\/#primaryimage"},"thumbnailUrl":"https:\/\/www.zapholiday.eu\/blog\/wp-content\/uploads\/2025\/06\/La-Meteo-sur-la-Costa-del-Sol.jpg","datePublished":"2025-06-04T14:13:23+00:00","dateModified":"2025-10-27T12:28:31+00:00","author":{"@id":"https:\/\/www.zapholiday.eu\/blog\/es\/#\/schema\/person\/e36acc37d1b50ea6469179e8fa03472d"},"description":"Consulta el tiempo en la Costa del Sol y planifica tu viaje con garant\u00eda de buen tiempo.","breadcrumb":{"@id":"https:\/\/www.zapholiday.eu\/blog\/es\/tiempo-costa-del-sol\/#breadcrumb"},"inLanguage":"es","potentialAction":[{"@type":"ReadAction","target":["https:\/\/www.zapholiday.eu\/blog\/es\/tiempo-costa-del-sol\/"]}]},{"@type":"ImageObject","inLanguage":"es","@id":"https:\/\/www.zapholiday.eu\/blog\/es\/tiempo-costa-del-sol\/#primaryimage","url":"https:\/\/www.zapholiday.eu\/blog\/wp-content\/uploads\/2025\/06\/La-Meteo-sur-la-Costa-del-Sol.jpg","contentUrl":"https:\/\/www.zapholiday.eu\/blog\/wp-content\/uploads\/2025\/06\/La-Meteo-sur-la-Costa-del-Sol.jpg","width":1920,"height":730,"caption":"La-Meteo-sur-la-Costa-del-Sol.jpg"},{"@type":"BreadcrumbList","@id":"https:\/\/www.zapholiday.eu\/blog\/es\/tiempo-costa-del-sol\/#breadcrumb","itemListElement":[{"@type":"ListItem","position":1,"name":"Portada","item":"https:\/\/www.zapholiday.eu\/blog\/es\/"},{"@type":"ListItem","position":2,"name":"El tiempo en la Costa del Sol: \u00bfqu\u00e9 estaci\u00f3n elegir para tus vacaciones?"}]},{"@type":"WebSite","@id":"https:\/\/www.zapholiday.eu\/blog\/es\/#website","url":"https:\/\/www.zapholiday.eu\/blog\/es\/","name":"Blog","description":"ZapHoliday","potentialAction":[{"@type":"SearchAction","target":{"@type":"EntryPoint","urlTemplate":"https:\/\/www.zapholiday.eu\/blog\/es\/?s={search_term_string}"},"query-input":{"@type":"PropertyValueSpecification","valueRequired":true,"valueName":"search_term_string"}}],"inLanguage":"es"},{"@type":"Person","@id":"https:\/\/www.zapholiday.eu\/blog\/es\/#\/schema\/person\/e36acc37d1b50ea6469179e8fa03472d","name":"admin","image":{"@type":"ImageObject","inLanguage":"es","@id":"https:\/\/www.zapholiday.eu\/blog\/es\/#\/schema\/person\/image\/","url":"https:\/\/secure.gravatar.com\/avatar\/42a1de295add8c33fd5048ebdd390af14c654bb55f9af92cf9fd71f197d4ffc8?s=96&d=mm&r=g","contentUrl":"https:\/\/secure.gravatar.com\/avatar\/42a1de295add8c33fd5048ebdd390af14c654bb55f9af92cf9fd71f197d4ffc8?s=96&d=mm&r=g","caption":"admin"},"sameAs":["https:\/\/www.zapholiday.eu\/blog"],"url":"https:\/\/www.zapholiday.eu\/blog\/es\/author\/avantioblog\/"}]}},"_links":{"self":[{"href":"https:\/\/www.zapholiday.eu\/blog\/es\/wp-json\/wp\/v2\/posts\/1200","targetHints":{"allow":["GET"]}}],"collection":[{"href":"https:\/\/www.zapholiday.eu\/blog\/es\/wp-json\/wp\/v2\/posts"}],"about":[{"href":"https:\/\/www.zapholiday.eu\/blog\/es\/wp-json\/wp\/v2\/types\/post"}],"author":[{"embeddable":true,"href":"https:\/\/www.zapholiday.eu\/blog\/es\/wp-json\/wp\/v2\/users\/1"}],"replies":[{"embeddable":true,"href":"https:\/\/www.zapholiday.eu\/blog\/es\/wp-json\/wp\/v2\/comments?post=1200"}],"version-history":[{"count":7,"href":"https:\/\/www.zapholiday.eu\/blog\/es\/wp-json\/wp\/v2\/posts\/1200\/revisions"}],"predecessor-version":[{"id":3123,"href":"https:\/\/www.zapholiday.eu\/blog\/es\/wp-json\/wp\/v2\/posts\/1200\/revisions\/3123"}],"wp:featuredmedia":[{"embeddable":true,"href":"https:\/\/www.zapholiday.eu\/blog\/es\/wp-json\/wp\/v2\/media\/794"}],"wp:attachment":[{"href":"https:\/\/www.zapholiday.eu\/blog\/es\/wp-json\/wp\/v2\/media?parent=1200"}],"wp:term":[{"taxonomy":"category","embeddable":true,"href":"https:\/\/www.zapholiday.eu\/blog\/es\/wp-json\/wp\/v2\/categories?post=1200"},{"taxonomy":"post_tag","embeddable":true,"href":"https:\/\/www.zapholiday.eu\/blog\/es\/wp-json\/wp\/v2\/tags?post=1200"}],"curies":[{"name":"wp","href":"https:\/\/api.w.org\/{rel}","templated":true}]}}