{"id":1775,"date":"2025-06-04T14:13:23","date_gmt":"2025-06-04T14:13:23","guid":{"rendered":"https:\/\/www.zapholiday.eu\/blog\/das-wetter-an-der-costa-del-sol-welche-jahreszeit-sollten-sie-fuer-ihren-urlaub-waehlen\/"},"modified":"2025-10-27T12:49:39","modified_gmt":"2025-10-27T12:49:39","slug":"wetter-costa-del-sol","status":"publish","type":"post","link":"https:\/\/www.zapholiday.eu\/blog\/de\/wetter-costa-del-sol\/","title":{"rendered":"Das Wetter an der Costa del Sol: Welche Jahreszeit sollten Sie f\u00fcr Ihren Urlaub w\u00e4hlen?"},"content":{"rendered":"\t\t<div data-elementor-type=\"wp-post\" data-elementor-id=\"1775\" class=\"elementor elementor-1775 elementor-763\" data-elementor-post-type=\"post\">\n\t\t\t\t<div class=\"elementor-element elementor-element-3b2cb0ad e-flex e-con-boxed e-con e-parent\" data-id=\"3b2cb0ad\" data-element_type=\"container\" data-e-type=\"container\">\n\t\t\t\t\t<div class=\"e-con-inner\">\n\t\t\t\t<div class=\"elementor-element elementor-element-634964e9 elementor-widget elementor-widget-text-editor\" data-id=\"634964e9\" data-element_type=\"widget\" data-e-type=\"widget\" data-widget_type=\"text-editor.default\">\n\t\t\t\t<div class=\"elementor-widget-container\">\n\t\t\t\t\t\t\t\t\t<p>Wenn Sie auf der Suche nach einem unvergesslichen Strandurlaub in S\u00fcdspanien sind, sind Sie an der <strong>Costa del Sol<\/strong> genau richtig! Mit ihren goldenen Str\u00e4nden, legend\u00e4ren Golfpl\u00e4tzen und unvergleichlichen Freizeiteinrichtungen bietet diese Ecke S\u00fcdandalusiens alles, was Sie f\u00fcr einen erholsamen Urlaub brauchen &#8211; das ganze Jahr \u00fcber.<\/p><p>Entdecken Sie die verschiedenen Jahreszeiten an der Costa del Sol und finden Sie heraus, was Sie in dieser Region der Iberischen Halbinsel je nach Wetterlage unternehmen k\u00f6nnen!<\/p>\t\t\t\t\t\t\t\t<\/div>\n\t\t\t\t<\/div>\n\t\t\t\t\t<\/div>\n\t\t\t\t<\/div>\n\t\t<div class=\"elementor-element elementor-element-45e8f880 e-flex e-con-boxed e-con e-parent\" data-id=\"45e8f880\" data-element_type=\"container\" data-e-type=\"container\">\n\t\t\t\t\t<div class=\"e-con-inner\">\n\t\t\t\t<div class=\"elementor-element elementor-element-44a4ec8b elementor-widget elementor-widget-heading\" data-id=\"44a4ec8b\" data-element_type=\"widget\" data-e-type=\"widget\" data-widget_type=\"heading.default\">\n\t\t\t\t<div class=\"elementor-widget-container\">\n\t\t\t\t\t<h2 class=\"elementor-heading-title elementor-size-default\">Welches Wetter Sie das ganze Jahr \u00fcber an der Costa del Sol erwarten k\u00f6nnen<\/h2>\t\t\t\t<\/div>\n\t\t\t\t<\/div>\n\t\t\t\t<div class=\"elementor-element elementor-element-24ba6178 elementor-widget elementor-widget-text-editor\" data-id=\"24ba6178\" data-element_type=\"widget\" data-e-type=\"widget\" data-widget_type=\"text-editor.default\">\n\t\t\t\t<div class=\"elementor-widget-container\">\n\t\t\t\t\t\t\t\t\t<p>Bevor Sie Ihren Aufenthalt planen, sollten Sie sich \u00fcberlegen, wann die beste Zeit f\u00fcr einen Besuch an der Costa del Sol ist. Das h\u00e4ngt sowohl von Ihrer Hitzetoleranz als auch von Ihren Vorlieben in Bezug auf touristische Aktivit\u00e4ten ab. Dank des mediterranen Klimas <strong>herrscht<\/strong> an der <strong>Costa del Sol das ganze Jahr \u00fcber ein angenehmes Klima und g\u00fcnstiges Wetter,<\/strong> obwohl die Zeit von Mai bis Oktober als ideal gilt, wenn Sie die Sonne und die Hitze der Sommersaison genie\u00dfen m\u00f6chten. Wir werfen einen Blick auf die verschiedenen Klimazonen, die Sie in dieser Region S\u00fcdspaniens je nach Jahreszeit erwarten k\u00f6nnen, und sagen Ihnen, was Sie alles unternehmen k\u00f6nnen.    <\/p>\t\t\t\t\t\t\t\t<\/div>\n\t\t\t\t<\/div>\n\t\t\t\t\t<\/div>\n\t\t\t\t<\/div>\n\t\t<div class=\"elementor-element elementor-element-ff7641e e-flex e-con-boxed e-con e-parent\" data-id=\"ff7641e\" data-element_type=\"container\" data-e-type=\"container\">\n\t\t\t\t\t<div class=\"e-con-inner\">\n\t\t\t\t<div class=\"elementor-element elementor-element-64686907 elementor-widget elementor-widget-heading\" data-id=\"64686907\" data-element_type=\"widget\" data-e-type=\"widget\" data-widget_type=\"heading.default\">\n\t\t\t\t<div class=\"elementor-widget-container\">\n\t\t\t\t\t<h3 class=\"elementor-heading-title elementor-size-default\">Fr\u00fchlingszeit  <\/h3>\t\t\t\t<\/div>\n\t\t\t\t<\/div>\n\t\t\t\t<div class=\"elementor-element elementor-element-5830ef3 elementor-widget elementor-widget-image\" data-id=\"5830ef3\" data-element_type=\"widget\" data-e-type=\"widget\" data-widget_type=\"image.default\">\n\t\t\t\t<div class=\"elementor-widget-container\">\n\t\t\t\t\t\t\t\t\t\t\t\t\t\t\t<img fetchpriority=\"high\" decoding=\"async\" width=\"1314\" height=\"657\" src=\"https:\/\/www.zapholiday.eu\/blog\/wp-content\/uploads\/2025\/06\/Costa-del-sol-printemps.jpg\" class=\"attachment-full size-full wp-image-772\" alt=\"Costa-del-sol-printemps.jpg\" srcset=\"https:\/\/www.zapholiday.eu\/blog\/wp-content\/uploads\/2025\/06\/Costa-del-sol-printemps.jpg 1314w, https:\/\/www.zapholiday.eu\/blog\/wp-content\/uploads\/2025\/06\/Costa-del-sol-printemps-300x150.jpg 300w, https:\/\/www.zapholiday.eu\/blog\/wp-content\/uploads\/2025\/06\/Costa-del-sol-printemps-1024x512.jpg 1024w, https:\/\/www.zapholiday.eu\/blog\/wp-content\/uploads\/2025\/06\/Costa-del-sol-printemps-768x384.jpg 768w\" sizes=\"(max-width: 1314px) 100vw, 1314px\" \/>\t\t\t\t\t\t\t\t\t\t\t\t\t\t\t<\/div>\n\t\t\t\t<\/div>\n\t\t\t\t<div class=\"elementor-element elementor-element-5ff72fd7 elementor-widget elementor-widget-text-editor\" data-id=\"5ff72fd7\" data-element_type=\"widget\" data-e-type=\"widget\" data-widget_type=\"text-editor.default\">\n\t\t\t\t<div class=\"elementor-widget-container\">\n\t\t\t\t\t\t\t\t\t<p><strong>Von M\u00e4rz bis Mai<\/strong> ist der <strong>Fr\u00fchling<\/strong> an der Costa del Sol mild und sonnig, mit gelegentlichen Regentagen. Es ist die ideale Jahreszeit, um milde Tage zu genie\u00dfen, vor allem bis Mai, wenn die ersten warmen Tage mit <strong>H\u00f6chstwerten von bis zu 30 Grad <\/strong>kommen <strong>. <\/strong>Wenn Sie gerne Sehensw\u00fcrdigkeiten besichtigen und Aktivit\u00e4ten im Freien unternehmen, die eine gewisse k\u00f6rperliche Anstrengung erfordern, wie z.B. Wandern, ist dies die ideale Zeit, um das s\u00fcdliche Andalusien zu besuchen, insbesondere wenn Sie weiter ins Landesinnere fahren.   <\/p>\t\t\t\t\t\t\t\t<\/div>\n\t\t\t\t<\/div>\n\t\t\t\t\t<\/div>\n\t\t\t\t<\/div>\n\t\t<div class=\"elementor-element elementor-element-c7049fa e-flex e-con-boxed e-con e-parent\" data-id=\"c7049fa\" data-element_type=\"container\" data-e-type=\"container\">\n\t\t\t\t\t<div class=\"e-con-inner\">\n\t\t\t\t<div class=\"elementor-element elementor-element-cecefb3 elementor-widget elementor-widget-heading\" data-id=\"cecefb3\" data-element_type=\"widget\" data-e-type=\"widget\" data-widget_type=\"heading.default\">\n\t\t\t\t<div class=\"elementor-widget-container\">\n\t\t\t\t\t<h3 class=\"elementor-heading-title elementor-size-default\">Sommerzeit<\/h3>\t\t\t\t<\/div>\n\t\t\t\t<\/div>\n\t\t\t\t<div class=\"elementor-element elementor-element-2461df0 elementor-widget elementor-widget-image\" data-id=\"2461df0\" data-element_type=\"widget\" data-e-type=\"widget\" data-widget_type=\"image.default\">\n\t\t\t\t<div class=\"elementor-widget-container\">\n\t\t\t\t\t\t\t\t\t\t\t\t\t\t\t<img decoding=\"async\" width=\"1254\" height=\"627\" src=\"https:\/\/www.zapholiday.eu\/blog\/wp-content\/uploads\/2025\/06\/Costa-del-sol-ete.jpg\" class=\"attachment-full size-full wp-image-777\" alt=\"Costa-del-sol-ete.jpg\" srcset=\"https:\/\/www.zapholiday.eu\/blog\/wp-content\/uploads\/2025\/06\/Costa-del-sol-ete.jpg 1254w, https:\/\/www.zapholiday.eu\/blog\/wp-content\/uploads\/2025\/06\/Costa-del-sol-ete-300x150.jpg 300w, https:\/\/www.zapholiday.eu\/blog\/wp-content\/uploads\/2025\/06\/Costa-del-sol-ete-1024x512.jpg 1024w, https:\/\/www.zapholiday.eu\/blog\/wp-content\/uploads\/2025\/06\/Costa-del-sol-ete-768x384.jpg 768w\" sizes=\"(max-width: 1254px) 100vw, 1254px\" \/>\t\t\t\t\t\t\t\t\t\t\t\t\t\t\t<\/div>\n\t\t\t\t<\/div>\n\t\t\t\t<div class=\"elementor-element elementor-element-ff5fcfe elementor-widget elementor-widget-text-editor\" data-id=\"ff5fcfe\" data-element_type=\"widget\" data-e-type=\"widget\" data-widget_type=\"text-editor.default\">\n\t\t\t\t<div class=\"elementor-widget-container\">\n\t\t\t\t\t\t\t\t\t<p><strong>Der Sommer, von Juni bis Mitte September,<\/strong> ist die ideale Jahreszeit, wenn Sie einen Strandurlaub an der Costa del Sol planen. Der Sonnenschein ist perfekt und konstant, der Himmel k\u00f6nnte nicht klarer sein und Regen gibt es fast nicht. Die Temperaturen schwanken im Allgemeinen <strong>zwischen 28 Grad im Juni und 30\/31 Grad im Juli und August,<\/strong> typisch f\u00fcr das mediterrane Klima. Wenn jedoch die hei\u00dfen Winde aus dem Landesinneren Andalusiens die K\u00fcste erreichen, kann die Hitze br\u00fctend hei\u00df werden und die Temperaturen erreichen manchmal 35\/37 Grad oder sogar 40\u00b0C. Gl\u00fccklicherweise ist der Wind in diesem Fall stark und die Luft trocken: Am besten trinken Sie viel, um eine Dehydrierung zu vermeiden, vor allem bei \u00e4lteren Menschen und Kindern.     <\/p><p>Abgesehen von diesem Aspekt ist der Sommer an der Costa del Sol gleichbedeutend mit der <strong>touristischen Hochsaison<\/strong>; in diesen Monaten ist die Region voller Aktivit\u00e4ten und Veranstaltungen. Es ist die ideale Zeit f\u00fcr alle, die den Touristenrummel lieben und alle Attraktionen genie\u00dfen m\u00f6chten, von lebhaften Restaurants bis hin zu farbenfrohen Festivals. Umgekehrt ist dies auch die <strong>Zeit, in der der Andrang am gr\u00f6\u00dften ist und die Preise f\u00fcr Unterk\u00fcnfte in die H\u00f6he schie\u00dfen<\/strong>. Wir empfehlen Ihnen daher, Ihre Unterkunft im Voraus zu buchen, um mehr Komfort zu haben.    <\/p>\t\t\t\t\t\t\t\t<\/div>\n\t\t\t\t<\/div>\n\t\t\t\t\t<\/div>\n\t\t\t\t<\/div>\n\t\t<div class=\"elementor-element elementor-element-db8cb8f e-flex e-con-boxed e-con e-parent\" data-id=\"db8cb8f\" data-element_type=\"container\" data-e-type=\"container\">\n\t\t\t\t\t<div class=\"e-con-inner\">\n\t\t\t\t<div class=\"elementor-element elementor-element-0911dff elementor-widget elementor-widget-heading\" data-id=\"0911dff\" data-element_type=\"widget\" data-e-type=\"widget\" data-widget_type=\"heading.default\">\n\t\t\t\t<div class=\"elementor-widget-container\">\n\t\t\t\t\t<h3 class=\"elementor-heading-title elementor-size-default\">Herbst<\/h3>\t\t\t\t<\/div>\n\t\t\t\t<\/div>\n\t\t\t\t<div class=\"elementor-element elementor-element-40306a4 elementor-widget elementor-widget-image\" data-id=\"40306a4\" data-element_type=\"widget\" data-e-type=\"widget\" data-widget_type=\"image.default\">\n\t\t\t\t<div class=\"elementor-widget-container\">\n\t\t\t\t\t\t\t\t\t\t\t\t\t\t\t<img decoding=\"async\" width=\"1254\" height=\"627\" src=\"https:\/\/www.zapholiday.eu\/blog\/wp-content\/uploads\/2025\/06\/costa-del-sol-automne.jpg\" class=\"attachment-full size-full wp-image-787\" alt=\"costa-del-sol-automne.jpg\" srcset=\"https:\/\/www.zapholiday.eu\/blog\/wp-content\/uploads\/2025\/06\/costa-del-sol-automne.jpg 1254w, https:\/\/www.zapholiday.eu\/blog\/wp-content\/uploads\/2025\/06\/costa-del-sol-automne-300x150.jpg 300w, https:\/\/www.zapholiday.eu\/blog\/wp-content\/uploads\/2025\/06\/costa-del-sol-automne-1024x512.jpg 1024w, https:\/\/www.zapholiday.eu\/blog\/wp-content\/uploads\/2025\/06\/costa-del-sol-automne-768x384.jpg 768w\" sizes=\"(max-width: 1254px) 100vw, 1254px\" \/>\t\t\t\t\t\t\t\t\t\t\t\t\t\t\t<\/div>\n\t\t\t\t<\/div>\n\t\t\t\t<div class=\"elementor-element elementor-element-852cfaa elementor-widget elementor-widget-text-editor\" data-id=\"852cfaa\" data-element_type=\"widget\" data-e-type=\"widget\" data-widget_type=\"text-editor.default\">\n\t\t\t\t<div class=\"elementor-widget-container\">\n\t\t\t\t\t\t\t\t\t<p>Der <strong>Herbst<\/strong> dauert an der Costa del Sol <strong>von Mitte September bis November<\/strong>. Die Temperaturen beginnen warm und werden <strong>allm\u00e4hlich<\/strong> <strong>milder und erreichen<\/strong> teilweise <strong>20\u00b0C<\/strong>, da die atlantischen St\u00f6rungen an der K\u00fcste h\u00e4ufiger werden. Im Oktober gibt es noch viele warme, sonnige Tage, vor allem in der ersten H\u00e4lfte. Im November \u00e4ndert sich das Wetter jedoch und wird mild, oft bew\u00f6lkt und regnerisch. Gelegentlich konzentrieren sich die Regenf\u00e4lle auf einen kurzen Zeitraum und k\u00f6nnen heftig sein, vor allem im westlichen Teil der Costa del Sol. <strong>Ideales<\/strong> Wetter <strong>f\u00fcr kulturelle Besuche in Innenr\u00e4umen,<\/strong> z.B. in Museen.     <\/p>\t\t\t\t\t\t\t\t<\/div>\n\t\t\t\t<\/div>\n\t\t\t\t\t<\/div>\n\t\t\t\t<\/div>\n\t\t<div class=\"elementor-element elementor-element-c014274 e-flex e-con-boxed e-con e-parent\" data-id=\"c014274\" data-element_type=\"container\" data-e-type=\"container\">\n\t\t\t\t\t<div class=\"e-con-inner\">\n\t\t\t\t<div class=\"elementor-element elementor-element-1f04e40 elementor-widget elementor-widget-heading\" data-id=\"1f04e40\" data-element_type=\"widget\" data-e-type=\"widget\" data-widget_type=\"heading.default\">\n\t\t\t\t<div class=\"elementor-widget-container\">\n\t\t\t\t\t<h3 class=\"elementor-heading-title elementor-size-default\">Winter<\/h3>\t\t\t\t<\/div>\n\t\t\t\t<\/div>\n\t\t\t\t<div class=\"elementor-element elementor-element-0603a33 elementor-widget elementor-widget-image\" data-id=\"0603a33\" data-element_type=\"widget\" data-e-type=\"widget\" data-widget_type=\"image.default\">\n\t\t\t\t<div class=\"elementor-widget-container\">\n\t\t\t\t\t\t\t\t\t\t\t\t\t\t\t<img loading=\"lazy\" decoding=\"async\" width=\"1255\" height=\"627\" src=\"https:\/\/www.zapholiday.eu\/blog\/wp-content\/uploads\/2025\/06\/costa-del-sol-hiver.jpg\" class=\"attachment-full size-full wp-image-782\" alt=\"costa-del-sol-hiver.jpg\" srcset=\"https:\/\/www.zapholiday.eu\/blog\/wp-content\/uploads\/2025\/06\/costa-del-sol-hiver.jpg 1255w, https:\/\/www.zapholiday.eu\/blog\/wp-content\/uploads\/2025\/06\/costa-del-sol-hiver-300x150.jpg 300w, https:\/\/www.zapholiday.eu\/blog\/wp-content\/uploads\/2025\/06\/costa-del-sol-hiver-1024x512.jpg 1024w, https:\/\/www.zapholiday.eu\/blog\/wp-content\/uploads\/2025\/06\/costa-del-sol-hiver-768x384.jpg 768w\" sizes=\"(max-width: 1255px) 100vw, 1255px\" \/>\t\t\t\t\t\t\t\t\t\t\t\t\t\t\t<\/div>\n\t\t\t\t<\/div>\n\t\t\t\t<div class=\"elementor-element elementor-element-8d9a6aa elementor-widget elementor-widget-text-editor\" data-id=\"8d9a6aa\" data-element_type=\"widget\" data-e-type=\"widget\" data-widget_type=\"text-editor.default\">\n\t\t\t\t<div class=\"elementor-widget-container\">\n\t\t\t\t\t\t\t\t\t<p><strong>Von Dezember bis Februar<\/strong> ist der Winter <strong>mild<\/strong>, wobei sich sonnige Tage mit Schlechtwetterperioden, Wind und Regen abwechseln.<\/p><p>Gelegentlich <strong>erreichen die Temperaturen<\/strong> aufgrund des afrikanischen Windes <strong>18\/20 Grad<\/strong>, was das Thermometer sogar \u00fcber 20 Grad treiben kann. W\u00e4hrend dieser Jahreszeit ist es selten sehr kalt: Die Temperatur f\u00e4llt nur in den k\u00e4ltesten N\u00e4chten auf null Grad, aber selbst dann ist es tags\u00fcber meist \u00fcber zehn Grad warm, was bedeutet, dass es in dieser Region nie schneit.   <\/p>\t\t\t\t\t\t\t\t<\/div>\n\t\t\t\t<\/div>\n\t\t\t\t\t<\/div>\n\t\t\t\t<\/div>\n\t\t<div class=\"elementor-element elementor-element-2afad566 e-flex e-con-boxed e-con e-parent\" data-id=\"2afad566\" data-element_type=\"container\" data-e-type=\"container\">\n\t\t\t\t\t<div class=\"e-con-inner\">\n\t\t\t\t<div class=\"elementor-element elementor-element-6a825ac8 elementor-widget elementor-widget-heading\" data-id=\"6a825ac8\" data-element_type=\"widget\" data-e-type=\"widget\" data-widget_type=\"heading.default\">\n\t\t\t\t<div class=\"elementor-widget-container\">\n\t\t\t\t\t<h2 class=\"elementor-heading-title elementor-size-default\">Tipps zum Genie\u00dfen des Klimas an der Costa del Sol<\/h2>\t\t\t\t<\/div>\n\t\t\t\t<\/div>\n\t\t\t\t<div class=\"elementor-element elementor-element-28bcef8f elementor-widget elementor-widget-text-editor\" data-id=\"28bcef8f\" data-element_type=\"widget\" data-e-type=\"widget\" data-widget_type=\"text-editor.default\">\n\t\t\t\t<div class=\"elementor-widget-container\">\n\t\t\t\t\t\t\t\t\t<p>Je nachdem, zu welcher Jahreszeit Sie die Costa del Sol besuchen, sollten Sie im Voraus planen, um das Beste aus Ihrem Aufenthalt zu machen:<\/p><ul><li>Im Sommer raten wir Ihnen, <strong>Ihre Unterkunft im Voraus zu buchen<\/strong>, damit Sie nicht leer ausgehen und die richtige Unterkunft zu einem vern\u00fcnftigen Preis finden k\u00f6nnen. Um Ihnen dabei zu helfen, haben wir <a href=\"https:\/\/www.zapholiday.eu\/\">hier <\/a> eine Liste mit Unterk\u00fcnften f\u00fcr Ihren Urlaub zusammengestellt!   <\/li><li><strong>Packen Sie der Jahreszeit entsprechende Kleidung und Schutzausr\u00fcstung ein<\/strong>: Nehmen Sie zum Beispiel im Sommer leichte Kleidung und Sonnenschutz mit, um einen Hitzschlag zu vermeiden; im Winter hingegen packen Sie am besten Pullover und Jacken ein, um eine Erk\u00e4ltung zu vermeiden; kurzum, packen Sie klug!<\/li><\/ul>\t\t\t\t\t\t\t\t<\/div>\n\t\t\t\t<\/div>\n\t\t\t\t\t<\/div>\n\t\t\t\t<\/div>\n\t\t<div class=\"elementor-element elementor-element-1079eaa e-flex e-con-boxed e-con e-parent\" data-id=\"1079eaa\" data-element_type=\"container\" data-e-type=\"container\">\n\t\t\t\t\t<div class=\"e-con-inner\">\n\t\t\t\t<div class=\"elementor-element elementor-element-cbfc48c elementor-widget elementor-widget-heading\" data-id=\"cbfc48c\" data-element_type=\"widget\" data-e-type=\"widget\" data-widget_type=\"heading.default\">\n\t\t\t\t<div class=\"elementor-widget-container\">\n\t\t\t\t\t<h2 class=\"elementor-heading-title elementor-size-default\">Egal zu welcher Jahreszeit: Fahren Sie an die Costa del Sol!<\/h2>\t\t\t\t<\/div>\n\t\t\t\t<\/div>\n\t\t\t\t<div class=\"elementor-element elementor-element-fd6a504 elementor-widget elementor-widget-text-editor\" data-id=\"fd6a504\" data-element_type=\"widget\" data-e-type=\"widget\" data-widget_type=\"text-editor.default\">\n\t\t\t\t<div class=\"elementor-widget-container\">\n\t\t\t\t\t\t\t\t\t<p>Die Costa del Sol ist mit ihrem au\u00dfergew\u00f6hnlichen ganzj\u00e4hrigen Klima, ihren Traumstr\u00e4nden und ihrem kulturellen und gastronomischen Angebot auf einem ganz neuen Niveau ideal f\u00fcr Touristen. Ob Sie nun die W\u00e4rme des Sommers, den Komfort der Zwischensaison oder die Ruhe des Winters suchen, dieses Reiseziel wird Sie in jeder Hinsicht begeistern. Planen Sie Ihren Urlaub mit <a href=\"https:\/\/www.zapholiday.eu\/en\/\">Zapholiday<\/a> und entdecken Sie, warum die Costa del Sol der richtige Ort f\u00fcr Sie ist!  <\/p>\t\t\t\t\t\t\t\t<\/div>\n\t\t\t\t<\/div>\n\t\t\t\t\t<\/div>\n\t\t\t\t<\/div>\n\t\t\t\t<\/div>\n\t\t","protected":false},"excerpt":{"rendered":"<p>Wenn Sie auf der Suche nach einem unvergesslichen Strandurlaub in S\u00fcdspanien sind, sind Sie an der Costa del Sol genau richtig! Mit ihren goldenen Str\u00e4nden, legend\u00e4ren Golfpl\u00e4tzen und unvergleichlichen Freizeiteinrichtungen bietet diese Ecke S\u00fcdandalusiens alles, was Sie f\u00fcr einen erholsamen Urlaub brauchen &#8211; das ganze Jahr \u00fcber. Entdecken Sie die verschiedenen Jahreszeiten an der Costa [&hellip;]<\/p>\n","protected":false},"author":1,"featured_media":793,"comment_status":"open","ping_status":"open","sticky":false,"template":"","format":"standard","meta":{"footnotes":""},"categories":[57],"tags":[],"class_list":["post-1775","post","type-post","status-publish","format-standard","has-post-thumbnail","hentry","category-costa-del-sol-de"],"yoast_head":"<!-- This site is optimized with the Yoast SEO plugin v26.9 - https:\/\/yoast.com\/product\/yoast-seo-wordpress\/ -->\n<title>Das Wetter an der Costa del Sol | Blog<\/title>\n<meta name=\"description\" content=\"Pr\u00fcfen Sie das Wetter an der Costa del Sol und planen Sie Ihre Reise bei garantiert gutem Wetter.\" \/>\n<meta name=\"robots\" content=\"index, follow, max-snippet:-1, max-image-preview:large, max-video-preview:-1\" \/>\n<link rel=\"canonical\" href=\"https:\/\/www.zapholiday.eu\/blog\/de\/wetter-costa-del-sol\/\" \/>\n<meta property=\"og:locale\" content=\"de_DE\" \/>\n<meta property=\"og:type\" content=\"article\" \/>\n<meta property=\"og:title\" content=\"Das Wetter an der Costa del Sol | Blog\" \/>\n<meta property=\"og:description\" content=\"Pr\u00fcfen Sie das Wetter an der Costa del Sol und planen Sie Ihre Reise bei garantiert gutem Wetter.\" \/>\n<meta property=\"og:url\" content=\"https:\/\/www.zapholiday.eu\/blog\/de\/wetter-costa-del-sol\/\" \/>\n<meta property=\"og:site_name\" content=\"Blog\" \/>\n<meta property=\"article:published_time\" content=\"2025-06-04T14:13:23+00:00\" \/>\n<meta property=\"article:modified_time\" content=\"2025-10-27T12:49:39+00:00\" \/>\n<meta property=\"og:image\" content=\"https:\/\/www.zapholiday.eu\/blog\/wp-content\/uploads\/2025\/06\/La-Meteo-sur-la-Costa-del-Sol.jpg\" \/>\n\t<meta property=\"og:image:width\" content=\"1920\" \/>\n\t<meta property=\"og:image:height\" content=\"730\" \/>\n\t<meta property=\"og:image:type\" content=\"image\/jpeg\" \/>\n<meta name=\"author\" content=\"admin\" \/>\n<meta name=\"twitter:card\" content=\"summary_large_image\" \/>\n<meta name=\"twitter:label1\" content=\"Written by\" \/>\n\t<meta name=\"twitter:data1\" content=\"admin\" \/>\n\t<meta name=\"twitter:label2\" content=\"Est. reading time\" \/>\n\t<meta name=\"twitter:data2\" content=\"6 minutes\" \/>\n<script type=\"application\/ld+json\" class=\"yoast-schema-graph\">{\"@context\":\"https:\/\/schema.org\",\"@graph\":[{\"@type\":\"Article\",\"@id\":\"https:\/\/www.zapholiday.eu\/blog\/de\/wetter-costa-del-sol\/#article\",\"isPartOf\":{\"@id\":\"https:\/\/www.zapholiday.eu\/blog\/de\/wetter-costa-del-sol\/\"},\"author\":{\"name\":\"admin\",\"@id\":\"https:\/\/www.zapholiday.eu\/blog\/de\/#\/schema\/person\/e36acc37d1b50ea6469179e8fa03472d\"},\"headline\":\"Das Wetter an der Costa del Sol: Welche Jahreszeit sollten Sie f\u00fcr Ihren Urlaub w\u00e4hlen?\",\"datePublished\":\"2025-06-04T14:13:23+00:00\",\"dateModified\":\"2025-10-27T12:49:39+00:00\",\"mainEntityOfPage\":{\"@id\":\"https:\/\/www.zapholiday.eu\/blog\/de\/wetter-costa-del-sol\/\"},\"wordCount\":944,\"commentCount\":0,\"image\":{\"@id\":\"https:\/\/www.zapholiday.eu\/blog\/de\/wetter-costa-del-sol\/#primaryimage\"},\"thumbnailUrl\":\"https:\/\/www.zapholiday.eu\/blog\/wp-content\/uploads\/2025\/06\/La-Meteo-sur-la-Costa-del-Sol.jpg\",\"articleSection\":[\"Costa del Sol\"],\"inLanguage\":\"de\",\"potentialAction\":[{\"@type\":\"CommentAction\",\"name\":\"Comment\",\"target\":[\"https:\/\/www.zapholiday.eu\/blog\/de\/wetter-costa-del-sol\/#respond\"]}]},{\"@type\":\"WebPage\",\"@id\":\"https:\/\/www.zapholiday.eu\/blog\/de\/wetter-costa-del-sol\/\",\"url\":\"https:\/\/www.zapholiday.eu\/blog\/de\/wetter-costa-del-sol\/\",\"name\":\"Das Wetter an der Costa del Sol | Blog\",\"isPartOf\":{\"@id\":\"https:\/\/www.zapholiday.eu\/blog\/de\/#website\"},\"primaryImageOfPage\":{\"@id\":\"https:\/\/www.zapholiday.eu\/blog\/de\/wetter-costa-del-sol\/#primaryimage\"},\"image\":{\"@id\":\"https:\/\/www.zapholiday.eu\/blog\/de\/wetter-costa-del-sol\/#primaryimage\"},\"thumbnailUrl\":\"https:\/\/www.zapholiday.eu\/blog\/wp-content\/uploads\/2025\/06\/La-Meteo-sur-la-Costa-del-Sol.jpg\",\"datePublished\":\"2025-06-04T14:13:23+00:00\",\"dateModified\":\"2025-10-27T12:49:39+00:00\",\"author\":{\"@id\":\"https:\/\/www.zapholiday.eu\/blog\/de\/#\/schema\/person\/e36acc37d1b50ea6469179e8fa03472d\"},\"description\":\"Pr\u00fcfen Sie das Wetter an der Costa del Sol und planen Sie Ihre Reise bei garantiert gutem Wetter.\",\"breadcrumb\":{\"@id\":\"https:\/\/www.zapholiday.eu\/blog\/de\/wetter-costa-del-sol\/#breadcrumb\"},\"inLanguage\":\"de\",\"potentialAction\":[{\"@type\":\"ReadAction\",\"target\":[\"https:\/\/www.zapholiday.eu\/blog\/de\/wetter-costa-del-sol\/\"]}]},{\"@type\":\"ImageObject\",\"inLanguage\":\"de\",\"@id\":\"https:\/\/www.zapholiday.eu\/blog\/de\/wetter-costa-del-sol\/#primaryimage\",\"url\":\"https:\/\/www.zapholiday.eu\/blog\/wp-content\/uploads\/2025\/06\/La-Meteo-sur-la-Costa-del-Sol.jpg\",\"contentUrl\":\"https:\/\/www.zapholiday.eu\/blog\/wp-content\/uploads\/2025\/06\/La-Meteo-sur-la-Costa-del-Sol.jpg\",\"width\":1920,\"height\":730,\"caption\":\"La-Meteo-sur-la-Costa-del-Sol.jpg\"},{\"@type\":\"BreadcrumbList\",\"@id\":\"https:\/\/www.zapholiday.eu\/blog\/de\/wetter-costa-del-sol\/#breadcrumb\",\"itemListElement\":[{\"@type\":\"ListItem\",\"position\":1,\"name\":\"Portada\",\"item\":\"https:\/\/www.zapholiday.eu\/blog\/de\/\"},{\"@type\":\"ListItem\",\"position\":2,\"name\":\"Das Wetter an der Costa del Sol: Welche Jahreszeit sollten Sie f\u00fcr Ihren Urlaub w\u00e4hlen?\"}]},{\"@type\":\"WebSite\",\"@id\":\"https:\/\/www.zapholiday.eu\/blog\/de\/#website\",\"url\":\"https:\/\/www.zapholiday.eu\/blog\/de\/\",\"name\":\"Blog\",\"description\":\"ZapHoliday\",\"potentialAction\":[{\"@type\":\"SearchAction\",\"target\":{\"@type\":\"EntryPoint\",\"urlTemplate\":\"https:\/\/www.zapholiday.eu\/blog\/de\/?s={search_term_string}\"},\"query-input\":{\"@type\":\"PropertyValueSpecification\",\"valueRequired\":true,\"valueName\":\"search_term_string\"}}],\"inLanguage\":\"de\"},{\"@type\":\"Person\",\"@id\":\"https:\/\/www.zapholiday.eu\/blog\/de\/#\/schema\/person\/e36acc37d1b50ea6469179e8fa03472d\",\"name\":\"admin\",\"image\":{\"@type\":\"ImageObject\",\"inLanguage\":\"de\",\"@id\":\"https:\/\/www.zapholiday.eu\/blog\/de\/#\/schema\/person\/image\/\",\"url\":\"https:\/\/secure.gravatar.com\/avatar\/42a1de295add8c33fd5048ebdd390af14c654bb55f9af92cf9fd71f197d4ffc8?s=96&d=mm&r=g\",\"contentUrl\":\"https:\/\/secure.gravatar.com\/avatar\/42a1de295add8c33fd5048ebdd390af14c654bb55f9af92cf9fd71f197d4ffc8?s=96&d=mm&r=g\",\"caption\":\"admin\"},\"sameAs\":[\"https:\/\/www.zapholiday.eu\/blog\"],\"url\":\"https:\/\/www.zapholiday.eu\/blog\/de\/author\/avantioblog\/\"}]}<\/script>\n<!-- \/ Yoast SEO plugin. -->","yoast_head_json":{"title":"Das Wetter an der Costa del Sol | Blog","description":"Pr\u00fcfen Sie das Wetter an der Costa del Sol und planen Sie Ihre Reise bei garantiert gutem Wetter.","robots":{"index":"index","follow":"follow","max-snippet":"max-snippet:-1","max-image-preview":"max-image-preview:large","max-video-preview":"max-video-preview:-1"},"canonical":"https:\/\/www.zapholiday.eu\/blog\/de\/wetter-costa-del-sol\/","og_locale":"de_DE","og_type":"article","og_title":"Das Wetter an der Costa del Sol | Blog","og_description":"Pr\u00fcfen Sie das Wetter an der Costa del Sol und planen Sie Ihre Reise bei garantiert gutem Wetter.","og_url":"https:\/\/www.zapholiday.eu\/blog\/de\/wetter-costa-del-sol\/","og_site_name":"Blog","article_published_time":"2025-06-04T14:13:23+00:00","article_modified_time":"2025-10-27T12:49:39+00:00","og_image":[{"width":1920,"height":730,"url":"https:\/\/www.zapholiday.eu\/blog\/wp-content\/uploads\/2025\/06\/La-Meteo-sur-la-Costa-del-Sol.jpg","type":"image\/jpeg"}],"author":"admin","twitter_card":"summary_large_image","twitter_misc":{"Written by":"admin","Est. reading time":"6 minutes"},"schema":{"@context":"https:\/\/schema.org","@graph":[{"@type":"Article","@id":"https:\/\/www.zapholiday.eu\/blog\/de\/wetter-costa-del-sol\/#article","isPartOf":{"@id":"https:\/\/www.zapholiday.eu\/blog\/de\/wetter-costa-del-sol\/"},"author":{"name":"admin","@id":"https:\/\/www.zapholiday.eu\/blog\/de\/#\/schema\/person\/e36acc37d1b50ea6469179e8fa03472d"},"headline":"Das Wetter an der Costa del Sol: Welche Jahreszeit sollten Sie f\u00fcr Ihren Urlaub w\u00e4hlen?","datePublished":"2025-06-04T14:13:23+00:00","dateModified":"2025-10-27T12:49:39+00:00","mainEntityOfPage":{"@id":"https:\/\/www.zapholiday.eu\/blog\/de\/wetter-costa-del-sol\/"},"wordCount":944,"commentCount":0,"image":{"@id":"https:\/\/www.zapholiday.eu\/blog\/de\/wetter-costa-del-sol\/#primaryimage"},"thumbnailUrl":"https:\/\/www.zapholiday.eu\/blog\/wp-content\/uploads\/2025\/06\/La-Meteo-sur-la-Costa-del-Sol.jpg","articleSection":["Costa del Sol"],"inLanguage":"de","potentialAction":[{"@type":"CommentAction","name":"Comment","target":["https:\/\/www.zapholiday.eu\/blog\/de\/wetter-costa-del-sol\/#respond"]}]},{"@type":"WebPage","@id":"https:\/\/www.zapholiday.eu\/blog\/de\/wetter-costa-del-sol\/","url":"https:\/\/www.zapholiday.eu\/blog\/de\/wetter-costa-del-sol\/","name":"Das Wetter an der Costa del Sol | Blog","isPartOf":{"@id":"https:\/\/www.zapholiday.eu\/blog\/de\/#website"},"primaryImageOfPage":{"@id":"https:\/\/www.zapholiday.eu\/blog\/de\/wetter-costa-del-sol\/#primaryimage"},"image":{"@id":"https:\/\/www.zapholiday.eu\/blog\/de\/wetter-costa-del-sol\/#primaryimage"},"thumbnailUrl":"https:\/\/www.zapholiday.eu\/blog\/wp-content\/uploads\/2025\/06\/La-Meteo-sur-la-Costa-del-Sol.jpg","datePublished":"2025-06-04T14:13:23+00:00","dateModified":"2025-10-27T12:49:39+00:00","author":{"@id":"https:\/\/www.zapholiday.eu\/blog\/de\/#\/schema\/person\/e36acc37d1b50ea6469179e8fa03472d"},"description":"Pr\u00fcfen Sie das Wetter an der Costa del Sol und planen Sie Ihre Reise bei garantiert gutem Wetter.","breadcrumb":{"@id":"https:\/\/www.zapholiday.eu\/blog\/de\/wetter-costa-del-sol\/#breadcrumb"},"inLanguage":"de","potentialAction":[{"@type":"ReadAction","target":["https:\/\/www.zapholiday.eu\/blog\/de\/wetter-costa-del-sol\/"]}]},{"@type":"ImageObject","inLanguage":"de","@id":"https:\/\/www.zapholiday.eu\/blog\/de\/wetter-costa-del-sol\/#primaryimage","url":"https:\/\/www.zapholiday.eu\/blog\/wp-content\/uploads\/2025\/06\/La-Meteo-sur-la-Costa-del-Sol.jpg","contentUrl":"https:\/\/www.zapholiday.eu\/blog\/wp-content\/uploads\/2025\/06\/La-Meteo-sur-la-Costa-del-Sol.jpg","width":1920,"height":730,"caption":"La-Meteo-sur-la-Costa-del-Sol.jpg"},{"@type":"BreadcrumbList","@id":"https:\/\/www.zapholiday.eu\/blog\/de\/wetter-costa-del-sol\/#breadcrumb","itemListElement":[{"@type":"ListItem","position":1,"name":"Portada","item":"https:\/\/www.zapholiday.eu\/blog\/de\/"},{"@type":"ListItem","position":2,"name":"Das Wetter an der Costa del Sol: Welche Jahreszeit sollten Sie f\u00fcr Ihren Urlaub w\u00e4hlen?"}]},{"@type":"WebSite","@id":"https:\/\/www.zapholiday.eu\/blog\/de\/#website","url":"https:\/\/www.zapholiday.eu\/blog\/de\/","name":"Blog","description":"ZapHoliday","potentialAction":[{"@type":"SearchAction","target":{"@type":"EntryPoint","urlTemplate":"https:\/\/www.zapholiday.eu\/blog\/de\/?s={search_term_string}"},"query-input":{"@type":"PropertyValueSpecification","valueRequired":true,"valueName":"search_term_string"}}],"inLanguage":"de"},{"@type":"Person","@id":"https:\/\/www.zapholiday.eu\/blog\/de\/#\/schema\/person\/e36acc37d1b50ea6469179e8fa03472d","name":"admin","image":{"@type":"ImageObject","inLanguage":"de","@id":"https:\/\/www.zapholiday.eu\/blog\/de\/#\/schema\/person\/image\/","url":"https:\/\/secure.gravatar.com\/avatar\/42a1de295add8c33fd5048ebdd390af14c654bb55f9af92cf9fd71f197d4ffc8?s=96&d=mm&r=g","contentUrl":"https:\/\/secure.gravatar.com\/avatar\/42a1de295add8c33fd5048ebdd390af14c654bb55f9af92cf9fd71f197d4ffc8?s=96&d=mm&r=g","caption":"admin"},"sameAs":["https:\/\/www.zapholiday.eu\/blog"],"url":"https:\/\/www.zapholiday.eu\/blog\/de\/author\/avantioblog\/"}]}},"_links":{"self":[{"href":"https:\/\/www.zapholiday.eu\/blog\/de\/wp-json\/wp\/v2\/posts\/1775","targetHints":{"allow":["GET"]}}],"collection":[{"href":"https:\/\/www.zapholiday.eu\/blog\/de\/wp-json\/wp\/v2\/posts"}],"about":[{"href":"https:\/\/www.zapholiday.eu\/blog\/de\/wp-json\/wp\/v2\/types\/post"}],"author":[{"embeddable":true,"href":"https:\/\/www.zapholiday.eu\/blog\/de\/wp-json\/wp\/v2\/users\/1"}],"replies":[{"embeddable":true,"href":"https:\/\/www.zapholiday.eu\/blog\/de\/wp-json\/wp\/v2\/comments?post=1775"}],"version-history":[{"count":7,"href":"https:\/\/www.zapholiday.eu\/blog\/de\/wp-json\/wp\/v2\/posts\/1775\/revisions"}],"predecessor-version":[{"id":3201,"href":"https:\/\/www.zapholiday.eu\/blog\/de\/wp-json\/wp\/v2\/posts\/1775\/revisions\/3201"}],"wp:featuredmedia":[{"embeddable":true,"href":"https:\/\/www.zapholiday.eu\/blog\/de\/wp-json\/wp\/v2\/media\/793"}],"wp:attachment":[{"href":"https:\/\/www.zapholiday.eu\/blog\/de\/wp-json\/wp\/v2\/media?parent=1775"}],"wp:term":[{"taxonomy":"category","embeddable":true,"href":"https:\/\/www.zapholiday.eu\/blog\/de\/wp-json\/wp\/v2\/categories?post=1775"},{"taxonomy":"post_tag","embeddable":true,"href":"https:\/\/www.zapholiday.eu\/blog\/de\/wp-json\/wp\/v2\/tags?post=1775"}],"curies":[{"name":"wp","href":"https:\/\/api.w.org\/{rel}","templated":true}]}}